{"id":1662,"date":"2021-01-29T15:37:52","date_gmt":"2021-01-29T14:37:52","guid":{"rendered":"https:\/\/grandouestfacades.fr\/?p=1662"},"modified":"2021-10-07T11:22:59","modified_gmt":"2021-10-07T09:22:59","slug":"renovation-toiture-saint-nicolas-de-redon-44460-type-ardoise-fibro","status":"publish","type":"post","link":"https:\/\/grandouestfacades.fr\/ambon\/renovation-toiture-saint-nicolas-de-redon-44460-type-ardoise-fibro\/","title":{"rendered":"RENOVATION TOITURE SAINT NICOLAS DE REDON  44460  TYPE ARDOISE FIBRO \u2705"},"content":{"rendered":"\t\t<div data-elementor-type=\"wp-post\" data-elementor-id=\"1662\" class=\"elementor elementor-1662\" data-elementor-post-type=\"post\">\n\t\t\t\t\t\t<section class=\"elementor-section elementor-top-section elementor-element elementor-element-67893f0 elementor-section-boxed elementor-section-height-default elementor-section-height-default\" data-id=\"67893f0\" data-element_type=\"section\" data-e-type=\"section\">\n\t\t\t\t\t\t<div class=\"elementor-container elementor-column-gap-default\">\n\t\t\t\t\t<div class=\"elementor-column elementor-col-100 elementor-top-column elementor-element elementor-element-58958ca\" data-id=\"58958ca\" data-element_type=\"column\" data-e-type=\"column\">\n\t\t\t<div class=\"elementor-widget-wrap elementor-element-populated\">\n\t\t\t\t\t\t<div class=\"elementor-element elementor-element-d4c293d elementor-widget elementor-widget-heading\" data-id=\"d4c293d\" data-element_type=\"widget\" data-e-type=\"widget\" data-widget_type=\"heading.default\">\n\t\t\t\t<div class=\"elementor-widget-container\">\n\t\t\t\t\t<h1 class=\"elementor-heading-title elementor-size-default\">Renovation toiture SAINT NICOLAS DE REDON<\/h1>\t\t\t\t<\/div>\n\t\t\t\t<\/div>\n\t\t\t\t<div class=\"elementor-element elementor-element-71e20af elementor-widget elementor-widget-text-editor\" data-id=\"71e20af\" data-element_type=\"widget\" data-e-type=\"widget\" data-widget_type=\"text-editor.default\">\n\t\t\t\t<div class=\"elementor-widget-container\">\n\t\t\t\t\t\t\t\t\t<p>SAINT NICOLAS DE REDON 44460 &#8211; MARS 2021<\/p>\t\t\t\t\t\t\t\t<\/div>\n\t\t\t\t<\/div>\n\t\t\t\t<div class=\"elementor-element elementor-element-5d31099 elementor-widget elementor-widget-text-editor\" data-id=\"5d31099\" data-element_type=\"widget\" data-e-type=\"widget\" data-widget_type=\"text-editor.default\">\n\t\t\t\t<div class=\"elementor-widget-container\">\n\t\t\t\t\t\t\t\t\t<h5><strong>R\u00e9novation toiture SAINT NICOLAS DE REDON<\/strong> :\u00a0 Votre toiture est-elle \u00e2g\u00e9e de plus d&rsquo;une dizaine d&rsquo;ann\u00e9e ? Vous voudriez savoir comment vous pourriez la r\u00e9nover ? Grand Ouest Fa\u00e7ades vous apporte la r\u00e9ponse :\u00a0<\/h5>\t\t\t\t\t\t\t\t<\/div>\n\t\t\t\t<\/div>\n\t\t\t\t<section class=\"elementor-section elementor-inner-section elementor-element elementor-element-82aea28 elementor-section-boxed elementor-section-height-default elementor-section-height-default\" data-id=\"82aea28\" data-element_type=\"section\" data-e-type=\"section\" data-settings=\"{&quot;background_background&quot;:&quot;slideshow&quot;,&quot;background_slideshow_gallery&quot;:[],&quot;background_slideshow_loop&quot;:&quot;yes&quot;,&quot;background_slideshow_slide_duration&quot;:5000,&quot;background_slideshow_slide_transition&quot;:&quot;fade&quot;,&quot;background_slideshow_transition_duration&quot;:500}\">\n\t\t\t\t\t\t<div class=\"elementor-container elementor-column-gap-default\">\n\t\t\t\t\t<div class=\"elementor-column elementor-col-50 elementor-inner-column elementor-element elementor-element-3f18235\" data-id=\"3f18235\" data-element_type=\"column\" data-e-type=\"column\">\n\t\t\t<div class=\"elementor-widget-wrap elementor-element-populated\">\n\t\t\t\t\t\t<div class=\"elementor-element elementor-element-9197544 elementor-arrows-position-inside elementor-pagination-position-outside elementor-widget elementor-widget-image-carousel\" data-id=\"9197544\" data-element_type=\"widget\" data-e-type=\"widget\" data-settings=\"{&quot;slides_to_show&quot;:&quot;1&quot;,&quot;autoplay_speed&quot;:3000,&quot;navigation&quot;:&quot;both&quot;,&quot;autoplay&quot;:&quot;yes&quot;,&quot;pause_on_hover&quot;:&quot;yes&quot;,&quot;pause_on_interaction&quot;:&quot;yes&quot;,&quot;infinite&quot;:&quot;yes&quot;,&quot;effect&quot;:&quot;slide&quot;,&quot;speed&quot;:500}\" data-widget_type=\"image-carousel.default\">\n\t\t\t\t<div class=\"elementor-widget-container\">\n\t\t\t\t\t\t\t<div class=\"elementor-image-carousel-wrapper swiper\" role=\"region\" aria-roledescription=\"carousel\" aria-label=\"Carrousel d\u2019images\" dir=\"ltr\">\n\t\t\t<div class=\"elementor-image-carousel swiper-wrapper\" aria-live=\"off\">\n\t\t\t\t\t\t\t\t<div class=\"swiper-slide\" role=\"group\" aria-roledescription=\"slide\" aria-label=\"1 sur 11\"><figure class=\"swiper-slide-inner\"><img decoding=\"async\" class=\"swiper-slide-image\" src=\"https:\/\/grandouestfacades.fr\/ambon\/wp-content\/uploads\/sites\/3\/2021\/01\/20210128_110625-scaled-1-1024x768.jpg\" alt=\"RENOVATION TOITURE SAINT NICOLAS DE REDON\" \/><\/figure><\/div><div class=\"swiper-slide\" role=\"group\" aria-roledescription=\"slide\" aria-label=\"2 sur 11\"><figure class=\"swiper-slide-inner\"><img decoding=\"async\" class=\"swiper-slide-image\" src=\"https:\/\/grandouestfacades.fr\/ambon\/wp-content\/uploads\/sites\/3\/2021\/03\/SR-Production-1-1024x684.jpg\" alt=\"RENOVATION REDON\" \/><\/figure><\/div><div class=\"swiper-slide\" role=\"group\" aria-roledescription=\"slide\" aria-label=\"3 sur 11\"><figure class=\"swiper-slide-inner\"><img decoding=\"async\" class=\"swiper-slide-image\" src=\"https:\/\/grandouestfacades.fr\/ambon\/wp-content\/uploads\/sites\/3\/2021\/05\/20210318_171811-scaled-1-1024x768.jpg\" alt=\"20210318_171811\" \/><\/figure><\/div><div class=\"swiper-slide\" role=\"group\" aria-roledescription=\"slide\" aria-label=\"4 sur 11\"><figure class=\"swiper-slide-inner\"><img decoding=\"async\" class=\"swiper-slide-image\" src=\"https:\/\/grandouestfacades.fr\/ambon\/wp-content\/uploads\/sites\/3\/2021\/05\/20210318_171803-scaled-1-1024x768.jpg\" alt=\"RENOVATION TOITURE SAINT NICOLAS DE REDON\" \/><\/figure><\/div><div class=\"swiper-slide\" role=\"group\" aria-roledescription=\"slide\" aria-label=\"5 sur 11\"><figure class=\"swiper-slide-inner\"><img decoding=\"async\" class=\"swiper-slide-image\" src=\"https:\/\/grandouestfacades.fr\/ambon\/wp-content\/uploads\/sites\/3\/2021\/05\/20210331_144439-scaled-1-1024x768.jpg\" alt=\"RENOVATION TOITURE SAINT NICOLAS DE REDON\" \/><\/figure><\/div><div class=\"swiper-slide\" role=\"group\" aria-roledescription=\"slide\" aria-label=\"6 sur 11\"><figure class=\"swiper-slide-inner\"><img decoding=\"async\" class=\"swiper-slide-image\" src=\"https:\/\/grandouestfacades.fr\/ambon\/wp-content\/uploads\/sites\/3\/2021\/05\/20210318_171815-scaled-1-1024x768.jpg\" alt=\"REPARATION FISSURE REDON\" \/><\/figure><\/div><div class=\"swiper-slide\" role=\"group\" aria-roledescription=\"slide\" aria-label=\"7 sur 11\"><figure class=\"swiper-slide-inner\"><img decoding=\"async\" class=\"swiper-slide-image\" src=\"https:\/\/grandouestfacades.fr\/ambon\/wp-content\/uploads\/sites\/3\/2021\/05\/20210331_144500-scaled-1-1024x768.jpg\" alt=\"REPARATION FISSURE REDON\" \/><\/figure><\/div><div class=\"swiper-slide\" role=\"group\" aria-roledescription=\"slide\" aria-label=\"8 sur 11\"><figure class=\"swiper-slide-inner\"><img decoding=\"async\" class=\"swiper-slide-image\" src=\"https:\/\/grandouestfacades.fr\/ambon\/wp-content\/uploads\/sites\/3\/2021\/01\/20210128_110700-scaled-1-1024x768.jpg\" alt=\"\" \/><\/figure><\/div><div class=\"swiper-slide\" role=\"group\" aria-roledescription=\"slide\" aria-label=\"9 sur 11\"><figure class=\"swiper-slide-inner\"><img decoding=\"async\" class=\"swiper-slide-image\" src=\"https:\/\/grandouestfacades.fr\/ambon\/wp-content\/uploads\/sites\/3\/2021\/03\/SR-Production-3-1024x684.jpg\" alt=\"SR Production-3\" \/><\/figure><\/div><div class=\"swiper-slide\" role=\"group\" aria-roledescription=\"slide\" aria-label=\"10 sur 11\"><figure class=\"swiper-slide-inner\"><img decoding=\"async\" class=\"swiper-slide-image\" src=\"https:\/\/grandouestfacades.fr\/ambon\/wp-content\/uploads\/sites\/3\/2021\/03\/SR-Production-4-1024x684.jpg\" alt=\"RENOVATION TOITURE SAINT NICOLAS DE REDON\" \/><\/figure><\/div><div class=\"swiper-slide\" role=\"group\" aria-roledescription=\"slide\" aria-label=\"11 sur 11\"><figure class=\"swiper-slide-inner\"><img decoding=\"async\" class=\"swiper-slide-image\" src=\"https:\/\/grandouestfacades.fr\/ambon\/wp-content\/uploads\/sites\/3\/2021\/03\/SR-Production-2-1024x684.jpg\" alt=\"FIBRO REDON\" \/><\/figure><\/div>\t\t\t<\/div>\n\t\t\t\t\t\t\t\t\t\t\t\t<div class=\"elementor-swiper-button elementor-swiper-button-prev\" role=\"button\" tabindex=\"0\">\n\t\t\t\t\t\t<i aria-hidden=\"true\" class=\"eicon-chevron-left\"><\/i>\t\t\t\t\t<\/div>\n\t\t\t\t\t<div class=\"elementor-swiper-button elementor-swiper-button-next\" role=\"button\" tabindex=\"0\">\n\t\t\t\t\t\t<i aria-hidden=\"true\" class=\"eicon-chevron-right\"><\/i>\t\t\t\t\t<\/div>\n\t\t\t\t\n\t\t\t\t\t\t\t\t\t<div class=\"swiper-pagination\"><\/div>\n\t\t\t\t\t\t\t\t\t<\/div>\n\t\t\t\t\t\t<\/div>\n\t\t\t\t<\/div>\n\t\t\t\t\t<\/div>\n\t\t<\/div>\n\t\t\t\t<div class=\"elementor-column elementor-col-50 elementor-inner-column elementor-element elementor-element-97d5a19\" data-id=\"97d5a19\" data-element_type=\"column\" data-e-type=\"column\">\n\t\t\t<div class=\"elementor-widget-wrap elementor-element-populated\">\n\t\t\t\t\t\t<div class=\"elementor-element elementor-element-5fbf2f6 elementor-widget elementor-widget-template\" data-id=\"5fbf2f6\" data-element_type=\"widget\" data-e-type=\"widget\" data-widget_type=\"template.default\">\n\t\t\t\t<div class=\"elementor-widget-container\">\n\t\t\t\t\t\t\t<div class=\"elementor-template\">\n\t\t\t\t\t<div data-elementor-type=\"section\" data-elementor-id=\"2987\" class=\"elementor elementor-2987\" data-elementor-post-type=\"elementor_library\">\n\t\t\t\t\t<section class=\"elementor-section elementor-inner-section elementor-element elementor-element-48336466 elementor-section-boxed elementor-section-height-default elementor-section-height-default\" data-id=\"48336466\" data-element_type=\"section\" data-e-type=\"section\">\n\t\t\t\t\t\t<div class=\"elementor-container elementor-column-gap-default\">\n\t\t\t\t\t<div class=\"elementor-column elementor-col-100 elementor-inner-column elementor-element elementor-element-7552e7e8 animated-slow elementor-invisible\" data-id=\"7552e7e8\" data-element_type=\"column\" data-e-type=\"column\" data-settings=\"{&quot;background_background&quot;:&quot;classic&quot;,&quot;animation&quot;:&quot;zoomIn&quot;,&quot;animation_delay&quot;:600}\">\n\t\t\t<div class=\"elementor-widget-wrap elementor-element-populated\">\n\t\t\t\t\t\t<div class=\"elementor-element elementor-element-6968a5f5 elementor-widget elementor-widget-global elementor-global-2931 elementor-widget-heading\" data-id=\"6968a5f5\" data-element_type=\"widget\" data-e-type=\"widget\" data-widget_type=\"heading.default\">\n\t\t\t\t<div class=\"elementor-widget-container\">\n\t\t\t\t\t<h3 class=\"elementor-heading-title elementor-size-default\">Demandez votre<\/h3>\t\t\t\t<\/div>\n\t\t\t\t<\/div>\n\t\t\t\t<div class=\"elementor-element elementor-element-c002cdb elementor-widget elementor-widget-global elementor-global-2934 elementor-widget-heading\" data-id=\"c002cdb\" data-element_type=\"widget\" data-e-type=\"widget\" data-widget_type=\"heading.default\">\n\t\t\t\t<div class=\"elementor-widget-container\">\n\t\t\t\t\t<h3 class=\"elementor-heading-title elementor-size-default\">DEVIS GRATUIT<\/h3>\t\t\t\t<\/div>\n\t\t\t\t<\/div>\n\t\t\t\t<div class=\"elementor-element elementor-element-206349e1 elementor-widget-divider--view-line elementor-widget elementor-widget-global elementor-global-2937 elementor-widget-divider\" data-id=\"206349e1\" data-element_type=\"widget\" data-e-type=\"widget\" data-widget_type=\"divider.default\">\n\t\t\t\t<div class=\"elementor-widget-container\">\n\t\t\t\t\t\t\t<div class=\"elementor-divider\">\n\t\t\t<span class=\"elementor-divider-separator\">\n\t\t\t\t\t\t<\/span>\n\t\t<\/div>\n\t\t\t\t\t\t<\/div>\n\t\t\t\t<\/div>\n\t\t\t\t<div class=\"elementor-element elementor-element-47dbaf34 elementor-widget elementor-widget-global elementor-global-2940 elementor-widget-heading\" data-id=\"47dbaf34\" data-element_type=\"widget\" data-e-type=\"widget\" data-widget_type=\"heading.default\">\n\t\t\t\t<div class=\"elementor-widget-container\">\n\t\t\t\t\t<h3 class=\"elementor-heading-title elementor-size-default\">Par t\u00e9l\u00e9phone<\/h3>\t\t\t\t<\/div>\n\t\t\t\t<\/div>\n\t\t\t\t<div class=\"elementor-element elementor-element-1bf33836 elementor-widget elementor-widget-global elementor-global-2943 elementor-widget-button\" data-id=\"1bf33836\" data-element_type=\"widget\" data-e-type=\"widget\" data-widget_type=\"button.default\">\n\t\t\t\t<div class=\"elementor-widget-container\">\n\t\t\t\t\t\t\t\t\t<div class=\"elementor-button-wrapper\">\n\t\t\t\t\t<a class=\"elementor-button elementor-button-link elementor-size-sm\" href=\"tel:+33297538927\">\n\t\t\t\t\t\t<span class=\"elementor-button-content-wrapper\">\n\t\t\t\t\t\t<span class=\"elementor-button-icon\">\n\t\t\t\t<i aria-hidden=\"true\" class=\"fas fa-phone-alt\"><\/i>\t\t\t<\/span>\n\t\t\t\t\t\t\t\t\t<span class=\"elementor-button-text\">02 97 53 89 27<\/span>\n\t\t\t\t\t<\/span>\n\t\t\t\t\t<\/a>\n\t\t\t\t<\/div>\n\t\t\t\t\t\t\t\t<\/div>\n\t\t\t\t<\/div>\n\t\t\t\t<div class=\"elementor-element elementor-element-4d583877 elementor-widget-divider--view-line elementor-widget elementor-widget-global elementor-global-2937 elementor-widget-divider\" data-id=\"4d583877\" data-element_type=\"widget\" data-e-type=\"widget\" data-widget_type=\"divider.default\">\n\t\t\t\t<div class=\"elementor-widget-container\">\n\t\t\t\t\t\t\t<div class=\"elementor-divider\">\n\t\t\t<span class=\"elementor-divider-separator\">\n\t\t\t\t\t\t<\/span>\n\t\t<\/div>\n\t\t\t\t\t\t<\/div>\n\t\t\t\t<\/div>\n\t\t\t\t<div class=\"elementor-element elementor-element-1adf27d5 elementor-widget elementor-widget-global elementor-global-2946 elementor-widget-heading\" data-id=\"1adf27d5\" data-element_type=\"widget\" data-e-type=\"widget\" data-widget_type=\"heading.default\">\n\t\t\t\t<div class=\"elementor-widget-container\">\n\t\t\t\t\t<h3 class=\"elementor-heading-title elementor-size-default\">Par e-mail<\/h3>\t\t\t\t<\/div>\n\t\t\t\t<\/div>\n\t\t\t\t<div class=\"elementor-element elementor-element-2934771 elementor-widget elementor-widget-global elementor-global-2949 elementor-widget-button\" data-id=\"2934771\" data-element_type=\"widget\" data-e-type=\"widget\" data-widget_type=\"button.default\">\n\t\t\t\t<div class=\"elementor-widget-container\">\n\t\t\t\t\t\t\t\t\t<div class=\"elementor-button-wrapper\">\n\t\t\t\t\t<a class=\"elementor-button elementor-button-link elementor-size-sm\" href=\"https:\/\/grandouestfacades.fr\/ambon\/demande-de-devis-diagnistic-gratuit\/\">\n\t\t\t\t\t\t<span class=\"elementor-button-content-wrapper\">\n\t\t\t\t\t\t<span class=\"elementor-button-icon\">\n\t\t\t\t<i aria-hidden=\"true\" class=\"fas fa-envelope\"><\/i>\t\t\t<\/span>\n\t\t\t\t\t\t\t\t\t<span class=\"elementor-button-text\">\u00c9crivez-nous<\/span>\n\t\t\t\t\t<\/span>\n\t\t\t\t\t<\/a>\n\t\t\t\t<\/div>\n\t\t\t\t\t\t\t\t<\/div>\n\t\t\t\t<\/div>\n\t\t\t\t<div class=\"elementor-element elementor-element-7688e6e6 elementor-widget-divider--view-line elementor-widget elementor-widget-global elementor-global-2937 elementor-widget-divider\" data-id=\"7688e6e6\" data-element_type=\"widget\" data-e-type=\"widget\" data-widget_type=\"divider.default\">\n\t\t\t\t<div class=\"elementor-widget-container\">\n\t\t\t\t\t\t\t<div class=\"elementor-divider\">\n\t\t\t<span class=\"elementor-divider-separator\">\n\t\t\t\t\t\t<\/span>\n\t\t<\/div>\n\t\t\t\t\t\t<\/div>\n\t\t\t\t<\/div>\n\t\t\t\t<div class=\"elementor-element elementor-element-71ebaada elementor-widget elementor-widget-global elementor-global-2980 elementor-widget-heading\" data-id=\"71ebaada\" data-element_type=\"widget\" data-e-type=\"widget\" data-widget_type=\"heading.default\">\n\t\t\t\t<div class=\"elementor-widget-container\">\n\t\t\t\t\t<h3 class=\"elementor-heading-title elementor-size-default\">Vous souhaitez<\/h3>\t\t\t\t<\/div>\n\t\t\t\t<\/div>\n\t\t\t\t<div class=\"elementor-element elementor-element-61eafa14 elementor-widget elementor-widget-global elementor-global-2983 elementor-widget-button\" data-id=\"61eafa14\" data-element_type=\"widget\" data-e-type=\"widget\" data-widget_type=\"button.default\">\n\t\t\t\t<div class=\"elementor-widget-container\">\n\t\t\t\t\t\t\t\t\t<div class=\"elementor-button-wrapper\">\n\t\t\t\t\t<a class=\"elementor-button elementor-button-link elementor-size-sm\" href=\"https:\/\/grandouestfacades.fr\/ambon\/etre-rappele\/\">\n\t\t\t\t\t\t<span class=\"elementor-button-content-wrapper\">\n\t\t\t\t\t\t<span class=\"elementor-button-icon\">\n\t\t\t\t<i aria-hidden=\"true\" class=\"fas fa-phone-volume\"><\/i>\t\t\t<\/span>\n\t\t\t\t\t\t\t\t\t<span class=\"elementor-button-text\">\u00catre rappel\u00e9<\/span>\n\t\t\t\t\t<\/span>\n\t\t\t\t\t<\/a>\n\t\t\t\t<\/div>\n\t\t\t\t\t\t\t\t<\/div>\n\t\t\t\t<\/div>\n\t\t\t\t\t<\/div>\n\t\t<\/div>\n\t\t\t\t\t<\/div>\n\t\t<\/section>\n\t\t\t\t<\/div>\n\t\t\t\t<\/div>\n\t\t\t\t\t\t<\/div>\n\t\t\t\t<\/div>\n\t\t\t\t\t<\/div>\n\t\t<\/div>\n\t\t\t\t\t<\/div>\n\t\t<\/section>\n\t\t\t\t\t<\/div>\n\t\t<\/div>\n\t\t\t\t\t<\/div>\n\t\t<\/section>\n\t\t\t\t<section class=\"elementor-section elementor-top-section elementor-element elementor-element-9d1e759 elementor-section-boxed elementor-section-height-default elementor-section-height-default\" data-id=\"9d1e759\" data-element_type=\"section\" data-e-type=\"section\">\n\t\t\t\t\t\t<div class=\"elementor-container elementor-column-gap-default\">\n\t\t\t\t\t<div class=\"elementor-column elementor-col-100 elementor-top-column elementor-element elementor-element-e41dadc\" data-id=\"e41dadc\" data-element_type=\"column\" data-e-type=\"column\">\n\t\t\t<div class=\"elementor-widget-wrap elementor-element-populated\">\n\t\t\t\t\t\t<div class=\"elementor-element elementor-element-02b791c elementor-widget elementor-widget-text-editor\" data-id=\"02b791c\" data-element_type=\"widget\" data-e-type=\"widget\" data-widget_type=\"text-editor.default\">\n\t\t\t\t<div class=\"elementor-widget-container\">\n\t\t\t\t\t\t\t\t\t<p>La<strong>\u00a0<\/strong><b>RENOVATION TOITURE SAINT NICOLAS DE REDON<\/b> de cette maison \u00a0poss\u00e8de une toiture de type ardoise en <b>fibrociment<\/b>. La protection contre les intemp\u00e9ries n\u2019\u00e9tait plus efficiente. C\u2019est pourquoi les propri\u00e9taires ont fait appel \u00e0 Grand Ouest Fa\u00e7ades lors du salon de l&rsquo;habitat dans la galerie LECLERC pour prot\u00e9ger durablement sa toiture avec notre <a href=\"https:\/\/grandouestfacades.fr\/go-marque-exclusive\/\"><b>GO TOITURE<\/b><\/a>\u00a0de notre <a href=\"https:\/\/grandouestfacades.fr\/go-marque-exclusive\/\">GAMME EXCLUSIVE<\/a> Haute Qualit\u00e9.<\/p><h5>Lorsque vous commencez \u00e0 voir des traces blanches et de nombreuses mousses alors faites ATTENTION.<\/h5><p>L&rsquo;entretien de ce type de toiture est tr\u00e8s important pour sa long\u00e9vit\u00e9. Et oui, la protection contre les intemp\u00e9ries prot\u00e8gent \u00e9galement la structure de votre toiture. Dans notre cas pr\u00e9sent, la structure est en ardoise fibrociment avec de l&rsquo;amiante vu l&rsquo;ann\u00e9e de la toiture.<\/p><p>L&rsquo;usure de cette protection est acc\u00e9l\u00e9r\u00e9e par les micros-v\u00e9g\u00e9tations se d\u00e9veloppant \u00e0 sa surface. Les mousses vont s&rsquo;installer et cr\u00e9er des racines qui vont p\u00e9n\u00e9trer le support et le rendre poreux. L&rsquo;eau va de plus en plus s&rsquo;y installer et votre toiture est en train de se d\u00e9t\u00e9riorer \u00e0 vitesse grand V. C&rsquo;est pourquoi, il est important d&rsquo;effectuer un d\u00e9moussage avec des produits respectueux de l&rsquo;environnement et efficace comme notre <a href=\"https:\/\/grandouestfacades.fr\/go-marque-exclusive\/\">GO NETTOYANT.<\/a><\/p><h5><b>R\u00e9alisation effectu\u00e9e en MARS 2021<\/b><\/h5><p>Si vous aussi, vous souhaitez obtenir un diagnostic et un \u00e9ventuel devis pour la r\u00e9novation de votre toiture, contactez nous au 02 97 53 89 27.<\/p><p>La pr\u00e9vention vous permet d&rsquo;\u00e9conomiser sur le long terme et vous dormirez plus serein.<\/p><p>Au plaisir de vous servir<\/p><p>Et comme tout travail bien effectu\u00e9 donne confiance et envie, nous avons r\u00e9alis\u00e9 en un deuxi\u00e8me temps la r\u00e9novation du pignon et les fa\u00e7ades avant et arri\u00e8re pour le plus grand plaisir des clients.<\/p>\t\t\t\t\t\t\t\t<\/div>\n\t\t\t\t<\/div>\n\t\t\t\t<div class=\"elementor-element elementor-element-70a22df elementor-widget elementor-widget-spacer\" data-id=\"70a22df\" data-element_type=\"widget\" data-e-type=\"widget\" data-widget_type=\"spacer.default\">\n\t\t\t\t<div class=\"elementor-widget-container\">\n\t\t\t\t\t\t\t<div class=\"elementor-spacer\">\n\t\t\t<div class=\"elementor-spacer-inner\"><\/div>\n\t\t<\/div>\n\t\t\t\t\t\t<\/div>\n\t\t\t\t<\/div>\n\t\t\t\t\t<\/div>\n\t\t<\/div>\n\t\t\t\t\t<\/div>\n\t\t<\/section>\n\t\t\t\t<section class=\"elementor-section elementor-top-section elementor-element elementor-element-e3548b0 elementor-section-boxed elementor-section-height-default elementor-section-height-default\" data-id=\"e3548b0\" data-element_type=\"section\" data-e-type=\"section\" data-settings=\"{&quot;background_background&quot;:&quot;classic&quot;}\">\n\t\t\t\t\t\t<div class=\"elementor-container elementor-column-gap-default\">\n\t\t\t\t\t<div class=\"elementor-column elementor-col-100 elementor-top-column elementor-element elementor-element-2928595\" data-id=\"2928595\" data-element_type=\"column\" data-e-type=\"column\">\n\t\t\t<div class=\"elementor-widget-wrap elementor-element-populated\">\n\t\t\t\t\t\t<div class=\"elementor-element elementor-element-95b33e8 elementor-widget elementor-widget-text-editor\" data-id=\"95b33e8\" data-element_type=\"widget\" data-e-type=\"widget\" data-widget_type=\"text-editor.default\">\n\t\t\t\t<div class=\"elementor-widget-container\">\n\t\t\t\t\t\t\t\t\t<p>Vous aussi,<\/p>\t\t\t\t\t\t\t\t<\/div>\n\t\t\t\t<\/div>\n\t\t\t\t<div class=\"elementor-element elementor-element-655b941 elementor-align-center elementor-widget elementor-widget-button\" data-id=\"655b941\" data-element_type=\"widget\" data-e-type=\"widget\" data-widget_type=\"button.default\">\n\t\t\t\t<div class=\"elementor-widget-container\">\n\t\t\t\t\t\t\t\t\t<div class=\"elementor-button-wrapper\">\n\t\t\t\t\t<a class=\"elementor-button elementor-button-link elementor-size-sm\" href=\"https:\/\/grandouestfacades.fr\/ambon\/demande-de-devis-diagnistic-gratuit\/\">\n\t\t\t\t\t\t<span class=\"elementor-button-content-wrapper\">\n\t\t\t\t\t\t<span class=\"elementor-button-icon\">\n\t\t\t\t<i aria-hidden=\"true\" class=\"far fa-calendar-check\"><\/i>\t\t\t<\/span>\n\t\t\t\t\t\t\t\t\t<span class=\"elementor-button-text\">Prenez rendez-vous maintenant<\/span>\n\t\t\t\t\t<\/span>\n\t\t\t\t\t<\/a>\n\t\t\t\t<\/div>\n\t\t\t\t\t\t\t\t<\/div>\n\t\t\t\t<\/div>\n\t\t\t\t<div class=\"elementor-element elementor-element-08c0590 elementor-widget elementor-widget-spacer\" data-id=\"08c0590\" data-element_type=\"widget\" data-e-type=\"widget\" data-widget_type=\"spacer.default\">\n\t\t\t\t<div class=\"elementor-widget-container\">\n\t\t\t\t\t\t\t<div class=\"elementor-spacer\">\n\t\t\t<div class=\"elementor-spacer-inner\"><\/div>\n\t\t<\/div>\n\t\t\t\t\t\t<\/div>\n\t\t\t\t<\/div>\n\t\t\t\t<div class=\"elementor-element elementor-element-6e3de20 elementor-widget elementor-widget-spacer\" data-id=\"6e3de20\" data-element_type=\"widget\" data-e-type=\"widget\" data-widget_type=\"spacer.default\">\n\t\t\t\t<div class=\"elementor-widget-container\">\n\t\t\t\t\t\t\t<div class=\"elementor-spacer\">\n\t\t\t<div class=\"elementor-spacer-inner\"><\/div>\n\t\t<\/div>\n\t\t\t\t\t\t<\/div>\n\t\t\t\t<\/div>\n\t\t\t\t<div class=\"elementor-element elementor-element-0c54b7d elementor-widget elementor-widget-image\" data-id=\"0c54b7d\" data-element_type=\"widget\" data-e-type=\"widget\" data-widget_type=\"image.default\">\n\t\t\t\t<div class=\"elementor-widget-container\">\n\t\t\t\t\t\t\t\t\t\t\t\t\t\t\t<img fetchpriority=\"high\" decoding=\"async\" width=\"800\" height=\"206\" src=\"https:\/\/grandouestfacades.fr\/ambon\/wp-content\/uploads\/sites\/3\/2020\/08\/GOF_-_logo_pour_fond_clair.png\" class=\"attachment-large size-large wp-image-35\" alt=\"GOF_-_logo_pour_fond_clair\" srcset=\"https:\/\/grandouestfacades.fr\/ambon\/wp-content\/uploads\/sites\/3\/2020\/08\/GOF_-_logo_pour_fond_clair.png 827w, https:\/\/grandouestfacades.fr\/ambon\/wp-content\/uploads\/sites\/3\/2020\/08\/GOF_-_logo_pour_fond_clair-300x77.png 300w, https:\/\/grandouestfacades.fr\/ambon\/wp-content\/uploads\/sites\/3\/2020\/08\/GOF_-_logo_pour_fond_clair-768x198.png 768w\" sizes=\"(max-width: 800px) 100vw, 800px\" \/>\t\t\t\t\t\t\t\t\t\t\t\t\t\t\t<\/div>\n\t\t\t\t<\/div>\n\t\t\t\t<div class=\"elementor-element elementor-element-2745588 elementor-widget elementor-widget-text-editor\" data-id=\"2745588\" data-element_type=\"widget\" data-e-type=\"widget\" data-widget_type=\"text-editor.default\">\n\t\t\t\t<div class=\"elementor-widget-container\">\n\t\t\t\t\t\t\t\t\t<p>Agence ambon<\/p>\t\t\t\t\t\t\t\t<\/div>\n\t\t\t\t<\/div>\n\t\t\t\t\t<\/div>\n\t\t<\/div>\n\t\t\t\t\t<\/div>\n\t\t<\/section>\n\t\t\t\t<\/div>\n\t\t","protected":false},"excerpt":{"rendered":"<p>Renovation toiture SAINT NICOLAS DE REDON SAINT NICOLAS DE REDON 44460 &#8211; MARS 2021 R\u00e9novation toiture SAINT NICOLAS DE REDON : Votre toiture est-elle \u00e2g\u00e9e de plus d&rsquo;une dizaine d&rsquo;ann\u00e9e ? Vous voudriez savoir comment vous pourriez la r\u00e9nover ? Grand Ouest Fa\u00e7ades vous apporte la r\u00e9ponse : Pr\u00e9c\u00e9dent Suivant La RENOVATION TOITURE SAINT NICOLAS [&hellip;]<\/p>\n","protected":false},"author":1,"featured_media":1935,"comment_status":"closed","ping_status":"open","sticky":false,"template":"","format":"standard","meta":{"footnotes":""},"categories":[7,4],"tags":[],"class_list":["post-1662","post","type-post","status-publish","format-standard","has-post-thumbnail","hentry","category-renovation-toiture","category-travaux"],"yoast_head":"<!-- This site is optimized with the Yoast SEO plugin v27.5 - https:\/\/yoast.com\/product\/yoast-seo-wordpress\/ -->\n<title>RENOVATION TOITURE SAINT NICOLAS DE REDON 44460<\/title>\n<meta name=\"description\" content=\"RENOVATION TOITURE SAINT NICOLAS DE REDON : Grand Ouest Fa\u00e7ades est intervenu pour r\u00e9nover cette toiture de type ardoise en fibrociment\" \/>\n<meta name=\"robots\" content=\"index, follow, max-snippet:-1, max-image-preview:large, max-video-preview:-1\" \/>\n<link rel=\"canonical\" href=\"https:\/\/grandouestfacades.fr\/ambon\/renovation-toiture-saint-nicolas-de-redon-44460-type-ardoise-fibro\/\" \/>\n<meta property=\"og:locale\" content=\"fr_FR\" \/>\n<meta property=\"og:type\" content=\"article\" \/>\n<meta property=\"og:title\" content=\"RENOVATION TOITURE SAINT NICOLAS DE REDON 44460\" \/>\n<meta property=\"og:description\" content=\"RENOVATION TOITURE SAINT NICOLAS DE REDON : Grand Ouest Fa\u00e7ades est intervenu pour r\u00e9nover cette toiture de type ardoise en fibrociment\" \/>\n<meta property=\"og:url\" content=\"https:\/\/grandouestfacades.fr\/ambon\/renovation-toiture-saint-nicolas-de-redon-44460-type-ardoise-fibro\/\" \/>\n<meta property=\"og:site_name\" content=\"Ambon - Grand Ouest Facades\" \/>\n<meta property=\"article:published_time\" content=\"2021-01-29T14:37:52+00:00\" \/>\n<meta property=\"article:modified_time\" content=\"2021-10-07T09:22:59+00:00\" \/>\n<meta property=\"og:image\" content=\"https:\/\/grandouestfacades.fr\/ambon\/wp-content\/uploads\/sites\/3\/2021\/04\/20210318_171803-scaled-1.jpg\" \/>\n\t<meta property=\"og:image:width\" content=\"2560\" \/>\n\t<meta property=\"og:image:height\" content=\"1920\" \/>\n\t<meta property=\"og:image:type\" content=\"image\/jpeg\" \/>\n<meta name=\"author\" content=\"admin\" \/>\n<meta name=\"twitter:card\" content=\"summary_large_image\" \/>\n<meta name=\"twitter:label1\" content=\"\u00c9crit par\" \/>\n\t<meta name=\"twitter:data1\" content=\"admin\" \/>\n\t<meta name=\"twitter:label2\" content=\"Dur\u00e9e de lecture estim\u00e9e\" \/>\n\t<meta name=\"twitter:data2\" content=\"4 minutes\" \/>\n<script type=\"application\/ld+json\" class=\"yoast-schema-graph\">{\"@context\":\"https:\\\/\\\/schema.org\",\"@graph\":[{\"@type\":\"Article\",\"@id\":\"https:\\\/\\\/grandouestfacades.fr\\\/ambon\\\/renovation-toiture-saint-nicolas-de-redon-44460-type-ardoise-fibro\\\/#article\",\"isPartOf\":{\"@id\":\"https:\\\/\\\/grandouestfacades.fr\\\/ambon\\\/renovation-toiture-saint-nicolas-de-redon-44460-type-ardoise-fibro\\\/\"},\"author\":{\"name\":\"admin\",\"@id\":\"https:\\\/\\\/grandouestfacades.fr\\\/ambon\\\/#\\\/schema\\\/person\\\/d44ae690bd02d361878026f7dc1c1e52\"},\"headline\":\"RENOVATION TOITURE SAINT NICOLAS DE REDON 44460 TYPE ARDOISE FIBRO \u2705\",\"datePublished\":\"2021-01-29T14:37:52+00:00\",\"dateModified\":\"2021-10-07T09:22:59+00:00\",\"mainEntityOfPage\":{\"@id\":\"https:\\\/\\\/grandouestfacades.fr\\\/ambon\\\/renovation-toiture-saint-nicolas-de-redon-44460-type-ardoise-fibro\\\/\"},\"wordCount\":369,\"publisher\":{\"@id\":\"https:\\\/\\\/grandouestfacades.fr\\\/ambon\\\/#organization\"},\"image\":{\"@id\":\"https:\\\/\\\/grandouestfacades.fr\\\/ambon\\\/renovation-toiture-saint-nicolas-de-redon-44460-type-ardoise-fibro\\\/#primaryimage\"},\"thumbnailUrl\":\"https:\\\/\\\/grandouestfacades.fr\\\/ambon\\\/wp-content\\\/uploads\\\/sites\\\/3\\\/2021\\\/04\\\/20210318_171803-scaled-1.jpg\",\"articleSection\":[\"R\u00e9novation toiture\",\"Travaux\"],\"inLanguage\":\"fr-FR\"},{\"@type\":\"WebPage\",\"@id\":\"https:\\\/\\\/grandouestfacades.fr\\\/ambon\\\/renovation-toiture-saint-nicolas-de-redon-44460-type-ardoise-fibro\\\/\",\"url\":\"https:\\\/\\\/grandouestfacades.fr\\\/ambon\\\/renovation-toiture-saint-nicolas-de-redon-44460-type-ardoise-fibro\\\/\",\"name\":\"RENOVATION TOITURE SAINT NICOLAS DE REDON 44460\",\"isPartOf\":{\"@id\":\"https:\\\/\\\/grandouestfacades.fr\\\/ambon\\\/#website\"},\"primaryImageOfPage\":{\"@id\":\"https:\\\/\\\/grandouestfacades.fr\\\/ambon\\\/renovation-toiture-saint-nicolas-de-redon-44460-type-ardoise-fibro\\\/#primaryimage\"},\"image\":{\"@id\":\"https:\\\/\\\/grandouestfacades.fr\\\/ambon\\\/renovation-toiture-saint-nicolas-de-redon-44460-type-ardoise-fibro\\\/#primaryimage\"},\"thumbnailUrl\":\"https:\\\/\\\/grandouestfacades.fr\\\/ambon\\\/wp-content\\\/uploads\\\/sites\\\/3\\\/2021\\\/04\\\/20210318_171803-scaled-1.jpg\",\"datePublished\":\"2021-01-29T14:37:52+00:00\",\"dateModified\":\"2021-10-07T09:22:59+00:00\",\"description\":\"RENOVATION TOITURE SAINT NICOLAS DE REDON : Grand Ouest Fa\u00e7ades est intervenu pour r\u00e9nover cette toiture de type ardoise en fibrociment\",\"breadcrumb\":{\"@id\":\"https:\\\/\\\/grandouestfacades.fr\\\/ambon\\\/renovation-toiture-saint-nicolas-de-redon-44460-type-ardoise-fibro\\\/#breadcrumb\"},\"inLanguage\":\"fr-FR\",\"potentialAction\":[{\"@type\":\"ReadAction\",\"target\":[\"https:\\\/\\\/grandouestfacades.fr\\\/ambon\\\/renovation-toiture-saint-nicolas-de-redon-44460-type-ardoise-fibro\\\/\"]}]},{\"@type\":\"ImageObject\",\"inLanguage\":\"fr-FR\",\"@id\":\"https:\\\/\\\/grandouestfacades.fr\\\/ambon\\\/renovation-toiture-saint-nicolas-de-redon-44460-type-ardoise-fibro\\\/#primaryimage\",\"url\":\"https:\\\/\\\/grandouestfacades.fr\\\/ambon\\\/wp-content\\\/uploads\\\/sites\\\/3\\\/2021\\\/04\\\/20210318_171803-scaled-1.jpg\",\"contentUrl\":\"https:\\\/\\\/grandouestfacades.fr\\\/ambon\\\/wp-content\\\/uploads\\\/sites\\\/3\\\/2021\\\/04\\\/20210318_171803-scaled-1.jpg\",\"width\":2560,\"height\":1920,\"caption\":\"RENOVATION TOITURE SAINT NICOLAS DE REDON\"},{\"@type\":\"BreadcrumbList\",\"@id\":\"https:\\\/\\\/grandouestfacades.fr\\\/ambon\\\/renovation-toiture-saint-nicolas-de-redon-44460-type-ardoise-fibro\\\/#breadcrumb\",\"itemListElement\":[{\"@type\":\"ListItem\",\"position\":1,\"name\":\"Accueil\",\"item\":\"https:\\\/\\\/grandouestfacades.fr\\\/ambon\\\/\"},{\"@type\":\"ListItem\",\"position\":2,\"name\":\"RENOVATION TOITURE SAINT NICOLAS DE REDON 44460 TYPE ARDOISE FIBRO \u2705\"}]},{\"@type\":\"WebSite\",\"@id\":\"https:\\\/\\\/grandouestfacades.fr\\\/ambon\\\/#website\",\"url\":\"https:\\\/\\\/grandouestfacades.fr\\\/ambon\\\/\",\"name\":\"Ambon - Grand Ouest Facades\",\"description\":\"La fa\u00e7ade dont vous r\u00eavez\",\"publisher\":{\"@id\":\"https:\\\/\\\/grandouestfacades.fr\\\/ambon\\\/#organization\"},\"potentialAction\":[{\"@type\":\"SearchAction\",\"target\":{\"@type\":\"EntryPoint\",\"urlTemplate\":\"https:\\\/\\\/grandouestfacades.fr\\\/ambon\\\/?s={search_term_string}\"},\"query-input\":{\"@type\":\"PropertyValueSpecification\",\"valueRequired\":true,\"valueName\":\"search_term_string\"}}],\"inLanguage\":\"fr-FR\"},{\"@type\":\"Organization\",\"@id\":\"https:\\\/\\\/grandouestfacades.fr\\\/ambon\\\/#organization\",\"name\":\"Ambon - Grand Ouest Facades\",\"url\":\"https:\\\/\\\/grandouestfacades.fr\\\/ambon\\\/\",\"logo\":{\"@type\":\"ImageObject\",\"inLanguage\":\"fr-FR\",\"@id\":\"https:\\\/\\\/grandouestfacades.fr\\\/ambon\\\/#\\\/schema\\\/logo\\\/image\\\/\",\"url\":\"https:\\\/\\\/grandouestfacades.fr\\\/ambon\\\/wp-content\\\/uploads\\\/sites\\\/3\\\/2021\\\/09\\\/Logo_agence_avec_GO_Ambon_2.png\",\"contentUrl\":\"https:\\\/\\\/grandouestfacades.fr\\\/ambon\\\/wp-content\\\/uploads\\\/sites\\\/3\\\/2021\\\/09\\\/Logo_agence_avec_GO_Ambon_2.png\",\"width\":1194,\"height\":283,\"caption\":\"Ambon - Grand Ouest Facades\"},\"image\":{\"@id\":\"https:\\\/\\\/grandouestfacades.fr\\\/ambon\\\/#\\\/schema\\\/logo\\\/image\\\/\"}},{\"@type\":\"Person\",\"@id\":\"https:\\\/\\\/grandouestfacades.fr\\\/ambon\\\/#\\\/schema\\\/person\\\/d44ae690bd02d361878026f7dc1c1e52\",\"name\":\"admin\",\"image\":{\"@type\":\"ImageObject\",\"inLanguage\":\"fr-FR\",\"@id\":\"https:\\\/\\\/secure.gravatar.com\\\/avatar\\\/0b9e18f7da3f9f3fc7aa0f8c12b456ee669acc86945a05cd1ad5ccc6b2988c32?s=96&d=mm&r=g\",\"url\":\"https:\\\/\\\/secure.gravatar.com\\\/avatar\\\/0b9e18f7da3f9f3fc7aa0f8c12b456ee669acc86945a05cd1ad5ccc6b2988c32?s=96&d=mm&r=g\",\"contentUrl\":\"https:\\\/\\\/secure.gravatar.com\\\/avatar\\\/0b9e18f7da3f9f3fc7aa0f8c12b456ee669acc86945a05cd1ad5ccc6b2988c32?s=96&d=mm&r=g\",\"caption\":\"admin\"},\"sameAs\":[\"https:\\\/\\\/grandouestfacades.fr\"],\"url\":\"https:\\\/\\\/grandouestfacades.fr\\\/ambon\\\/author\\\/admin\\\/\"}]}<\/script>\n<!-- \/ Yoast SEO plugin. -->","yoast_head_json":{"title":"RENOVATION TOITURE SAINT NICOLAS DE REDON 44460","description":"RENOVATION TOITURE SAINT NICOLAS DE REDON : Grand Ouest Fa\u00e7ades est intervenu pour r\u00e9nover cette toiture de type ardoise en fibrociment","robots":{"index":"index","follow":"follow","max-snippet":"max-snippet:-1","max-image-preview":"max-image-preview:large","max-video-preview":"max-video-preview:-1"},"canonical":"https:\/\/grandouestfacades.fr\/ambon\/renovation-toiture-saint-nicolas-de-redon-44460-type-ardoise-fibro\/","og_locale":"fr_FR","og_type":"article","og_title":"RENOVATION TOITURE SAINT NICOLAS DE REDON 44460","og_description":"RENOVATION TOITURE SAINT NICOLAS DE REDON : Grand Ouest Fa\u00e7ades est intervenu pour r\u00e9nover cette toiture de type ardoise en fibrociment","og_url":"https:\/\/grandouestfacades.fr\/ambon\/renovation-toiture-saint-nicolas-de-redon-44460-type-ardoise-fibro\/","og_site_name":"Ambon - Grand Ouest Facades","article_published_time":"2021-01-29T14:37:52+00:00","article_modified_time":"2021-10-07T09:22:59+00:00","og_image":[{"width":2560,"height":1920,"url":"https:\/\/grandouestfacades.fr\/ambon\/wp-content\/uploads\/sites\/3\/2021\/04\/20210318_171803-scaled-1.jpg","type":"image\/jpeg"}],"author":"admin","twitter_card":"summary_large_image","twitter_misc":{"\u00c9crit par":"admin","Dur\u00e9e de lecture estim\u00e9e":"4 minutes"},"schema":{"@context":"https:\/\/schema.org","@graph":[{"@type":"Article","@id":"https:\/\/grandouestfacades.fr\/ambon\/renovation-toiture-saint-nicolas-de-redon-44460-type-ardoise-fibro\/#article","isPartOf":{"@id":"https:\/\/grandouestfacades.fr\/ambon\/renovation-toiture-saint-nicolas-de-redon-44460-type-ardoise-fibro\/"},"author":{"name":"admin","@id":"https:\/\/grandouestfacades.fr\/ambon\/#\/schema\/person\/d44ae690bd02d361878026f7dc1c1e52"},"headline":"RENOVATION TOITURE SAINT NICOLAS DE REDON 44460 TYPE ARDOISE FIBRO \u2705","datePublished":"2021-01-29T14:37:52+00:00","dateModified":"2021-10-07T09:22:59+00:00","mainEntityOfPage":{"@id":"https:\/\/grandouestfacades.fr\/ambon\/renovation-toiture-saint-nicolas-de-redon-44460-type-ardoise-fibro\/"},"wordCount":369,"publisher":{"@id":"https:\/\/grandouestfacades.fr\/ambon\/#organization"},"image":{"@id":"https:\/\/grandouestfacades.fr\/ambon\/renovation-toiture-saint-nicolas-de-redon-44460-type-ardoise-fibro\/#primaryimage"},"thumbnailUrl":"https:\/\/grandouestfacades.fr\/ambon\/wp-content\/uploads\/sites\/3\/2021\/04\/20210318_171803-scaled-1.jpg","articleSection":["R\u00e9novation toiture","Travaux"],"inLanguage":"fr-FR"},{"@type":"WebPage","@id":"https:\/\/grandouestfacades.fr\/ambon\/renovation-toiture-saint-nicolas-de-redon-44460-type-ardoise-fibro\/","url":"https:\/\/grandouestfacades.fr\/ambon\/renovation-toiture-saint-nicolas-de-redon-44460-type-ardoise-fibro\/","name":"RENOVATION TOITURE SAINT NICOLAS DE REDON 44460","isPartOf":{"@id":"https:\/\/grandouestfacades.fr\/ambon\/#website"},"primaryImageOfPage":{"@id":"https:\/\/grandouestfacades.fr\/ambon\/renovation-toiture-saint-nicolas-de-redon-44460-type-ardoise-fibro\/#primaryimage"},"image":{"@id":"https:\/\/grandouestfacades.fr\/ambon\/renovation-toiture-saint-nicolas-de-redon-44460-type-ardoise-fibro\/#primaryimage"},"thumbnailUrl":"https:\/\/grandouestfacades.fr\/ambon\/wp-content\/uploads\/sites\/3\/2021\/04\/20210318_171803-scaled-1.jpg","datePublished":"2021-01-29T14:37:52+00:00","dateModified":"2021-10-07T09:22:59+00:00","description":"RENOVATION TOITURE SAINT NICOLAS DE REDON : Grand Ouest Fa\u00e7ades est intervenu pour r\u00e9nover cette toiture de type ardoise en fibrociment","breadcrumb":{"@id":"https:\/\/grandouestfacades.fr\/ambon\/renovation-toiture-saint-nicolas-de-redon-44460-type-ardoise-fibro\/#breadcrumb"},"inLanguage":"fr-FR","potentialAction":[{"@type":"ReadAction","target":["https:\/\/grandouestfacades.fr\/ambon\/renovation-toiture-saint-nicolas-de-redon-44460-type-ardoise-fibro\/"]}]},{"@type":"ImageObject","inLanguage":"fr-FR","@id":"https:\/\/grandouestfacades.fr\/ambon\/renovation-toiture-saint-nicolas-de-redon-44460-type-ardoise-fibro\/#primaryimage","url":"https:\/\/grandouestfacades.fr\/ambon\/wp-content\/uploads\/sites\/3\/2021\/04\/20210318_171803-scaled-1.jpg","contentUrl":"https:\/\/grandouestfacades.fr\/ambon\/wp-content\/uploads\/sites\/3\/2021\/04\/20210318_171803-scaled-1.jpg","width":2560,"height":1920,"caption":"RENOVATION TOITURE SAINT NICOLAS DE REDON"},{"@type":"BreadcrumbList","@id":"https:\/\/grandouestfacades.fr\/ambon\/renovation-toiture-saint-nicolas-de-redon-44460-type-ardoise-fibro\/#breadcrumb","itemListElement":[{"@type":"ListItem","position":1,"name":"Accueil","item":"https:\/\/grandouestfacades.fr\/ambon\/"},{"@type":"ListItem","position":2,"name":"RENOVATION TOITURE SAINT NICOLAS DE REDON 44460 TYPE ARDOISE FIBRO \u2705"}]},{"@type":"WebSite","@id":"https:\/\/grandouestfacades.fr\/ambon\/#website","url":"https:\/\/grandouestfacades.fr\/ambon\/","name":"Ambon - Grand Ouest Facades","description":"La fa\u00e7ade dont vous r\u00eavez","publisher":{"@id":"https:\/\/grandouestfacades.fr\/ambon\/#organization"},"potentialAction":[{"@type":"SearchAction","target":{"@type":"EntryPoint","urlTemplate":"https:\/\/grandouestfacades.fr\/ambon\/?s={search_term_string}"},"query-input":{"@type":"PropertyValueSpecification","valueRequired":true,"valueName":"search_term_string"}}],"inLanguage":"fr-FR"},{"@type":"Organization","@id":"https:\/\/grandouestfacades.fr\/ambon\/#organization","name":"Ambon - Grand Ouest Facades","url":"https:\/\/grandouestfacades.fr\/ambon\/","logo":{"@type":"ImageObject","inLanguage":"fr-FR","@id":"https:\/\/grandouestfacades.fr\/ambon\/#\/schema\/logo\/image\/","url":"https:\/\/grandouestfacades.fr\/ambon\/wp-content\/uploads\/sites\/3\/2021\/09\/Logo_agence_avec_GO_Ambon_2.png","contentUrl":"https:\/\/grandouestfacades.fr\/ambon\/wp-content\/uploads\/sites\/3\/2021\/09\/Logo_agence_avec_GO_Ambon_2.png","width":1194,"height":283,"caption":"Ambon - Grand Ouest Facades"},"image":{"@id":"https:\/\/grandouestfacades.fr\/ambon\/#\/schema\/logo\/image\/"}},{"@type":"Person","@id":"https:\/\/grandouestfacades.fr\/ambon\/#\/schema\/person\/d44ae690bd02d361878026f7dc1c1e52","name":"admin","image":{"@type":"ImageObject","inLanguage":"fr-FR","@id":"https:\/\/secure.gravatar.com\/avatar\/0b9e18f7da3f9f3fc7aa0f8c12b456ee669acc86945a05cd1ad5ccc6b2988c32?s=96&d=mm&r=g","url":"https:\/\/secure.gravatar.com\/avatar\/0b9e18f7da3f9f3fc7aa0f8c12b456ee669acc86945a05cd1ad5ccc6b2988c32?s=96&d=mm&r=g","contentUrl":"https:\/\/secure.gravatar.com\/avatar\/0b9e18f7da3f9f3fc7aa0f8c12b456ee669acc86945a05cd1ad5ccc6b2988c32?s=96&d=mm&r=g","caption":"admin"},"sameAs":["https:\/\/grandouestfacades.fr"],"url":"https:\/\/grandouestfacades.fr\/ambon\/author\/admin\/"}]}},"_links":{"self":[{"href":"https:\/\/grandouestfacades.fr\/ambon\/wp-json\/wp\/v2\/posts\/1662","targetHints":{"allow":["GET"]}}],"collection":[{"href":"https:\/\/grandouestfacades.fr\/ambon\/wp-json\/wp\/v2\/posts"}],"about":[{"href":"https:\/\/grandouestfacades.fr\/ambon\/wp-json\/wp\/v2\/types\/post"}],"author":[{"embeddable":true,"href":"https:\/\/grandouestfacades.fr\/ambon\/wp-json\/wp\/v2\/users\/1"}],"replies":[{"embeddable":true,"href":"https:\/\/grandouestfacades.fr\/ambon\/wp-json\/wp\/v2\/comments?post=1662"}],"version-history":[{"count":10,"href":"https:\/\/grandouestfacades.fr\/ambon\/wp-json\/wp\/v2\/posts\/1662\/revisions"}],"predecessor-version":[{"id":3657,"href":"https:\/\/grandouestfacades.fr\/ambon\/wp-json\/wp\/v2\/posts\/1662\/revisions\/3657"}],"wp:featuredmedia":[{"embeddable":true,"href":"https:\/\/grandouestfacades.fr\/ambon\/wp-json\/wp\/v2\/media\/1935"}],"wp:attachment":[{"href":"https:\/\/grandouestfacades.fr\/ambon\/wp-json\/wp\/v2\/media?parent=1662"}],"wp:term":[{"taxonomy":"category","embeddable":true,"href":"https:\/\/grandouestfacades.fr\/ambon\/wp-json\/wp\/v2\/categories?post=1662"},{"taxonomy":"post_tag","embeddable":true,"href":"https:\/\/grandouestfacades.fr\/ambon\/wp-json\/wp\/v2\/tags?post=1662"}],"curies":[{"name":"wp","href":"https:\/\/api.w.org\/{rel}","templated":true}]}}