{"id":2423,"date":"2021-06-02T10:58:18","date_gmt":"2021-06-02T08:58:18","guid":{"rendered":"https:\/\/grandouestfacades.fr\/?p=2423"},"modified":"2021-10-08T14:58:49","modified_gmt":"2021-10-08T12:58:49","slug":"ravalement-facades-nivillac-56130","status":"publish","type":"post","link":"https:\/\/grandouestfacades.fr\/ambon\/ravalement-facades-nivillac-56130\/","title":{"rendered":"RAVALEMENT FACADES NIVILLAC 56130  \u2705"},"content":{"rendered":"\t\t<div data-elementor-type=\"wp-post\" data-elementor-id=\"2423\" class=\"elementor elementor-2423\" data-elementor-post-type=\"post\">\n\t\t\t\t\t\t<section class=\"elementor-section elementor-top-section elementor-element elementor-element-67893f0 elementor-section-boxed elementor-section-height-default elementor-section-height-default\" data-id=\"67893f0\" data-element_type=\"section\" data-e-type=\"section\">\n\t\t\t\t\t\t<div class=\"elementor-container elementor-column-gap-default\">\n\t\t\t\t\t<div class=\"elementor-column elementor-col-100 elementor-top-column elementor-element elementor-element-58958ca\" data-id=\"58958ca\" data-element_type=\"column\" data-e-type=\"column\">\n\t\t\t<div class=\"elementor-widget-wrap elementor-element-populated\">\n\t\t\t\t\t\t<div class=\"elementor-element elementor-element-d4c293d elementor-widget elementor-widget-heading\" data-id=\"d4c293d\" data-element_type=\"widget\" data-e-type=\"widget\" data-widget_type=\"heading.default\">\n\t\t\t\t<div class=\"elementor-widget-container\">\n\t\t\t\t\t<h1 class=\"elementor-heading-title elementor-size-default\">RAVALEMENT FACADES NIVILLAC<\/h1>\t\t\t\t<\/div>\n\t\t\t\t<\/div>\n\t\t\t\t<div class=\"elementor-element elementor-element-71e20af elementor-widget elementor-widget-text-editor\" data-id=\"71e20af\" data-element_type=\"widget\" data-e-type=\"widget\" data-widget_type=\"text-editor.default\">\n\t\t\t\t<div class=\"elementor-widget-container\">\n\t\t\t\t\t\t\t\t\t<p>NIVILLAC 56130 &#8211; JUILLET 2021<\/p>\t\t\t\t\t\t\t\t<\/div>\n\t\t\t\t<\/div>\n\t\t\t\t<div class=\"elementor-element elementor-element-5d31099 elementor-widget elementor-widget-text-editor\" data-id=\"5d31099\" data-element_type=\"widget\" data-e-type=\"widget\" data-widget_type=\"text-editor.default\">\n\t\t\t\t<div class=\"elementor-widget-container\">\n\t\t\t\t\t\t\t\t\t<p>Comment pourriez-vous effectuer le <strong>ravalement<\/strong> des <strong>fa\u00e7ades<\/strong> de cette maison situ\u00e9e \u00e0 <strong>NIVILLAC<\/strong> 56130 ?<\/p>\t\t\t\t\t\t\t\t<\/div>\n\t\t\t\t<\/div>\n\t\t\t\t<section class=\"elementor-section elementor-inner-section elementor-element elementor-element-82aea28 elementor-section-boxed elementor-section-height-default elementor-section-height-default\" data-id=\"82aea28\" data-element_type=\"section\" data-e-type=\"section\" data-settings=\"{&quot;background_background&quot;:&quot;slideshow&quot;,&quot;background_slideshow_gallery&quot;:[],&quot;background_slideshow_loop&quot;:&quot;yes&quot;,&quot;background_slideshow_slide_duration&quot;:5000,&quot;background_slideshow_slide_transition&quot;:&quot;fade&quot;,&quot;background_slideshow_transition_duration&quot;:500}\">\n\t\t\t\t\t\t<div class=\"elementor-container elementor-column-gap-default\">\n\t\t\t\t\t<div class=\"elementor-column elementor-col-50 elementor-inner-column elementor-element elementor-element-3f18235\" data-id=\"3f18235\" data-element_type=\"column\" data-e-type=\"column\">\n\t\t\t<div class=\"elementor-widget-wrap elementor-element-populated\">\n\t\t\t\t\t\t<div class=\"elementor-element elementor-element-9197544 elementor-arrows-position-inside elementor-pagination-position-outside elementor-widget elementor-widget-image-carousel\" data-id=\"9197544\" data-element_type=\"widget\" data-e-type=\"widget\" data-settings=\"{&quot;slides_to_show&quot;:&quot;1&quot;,&quot;autoplay_speed&quot;:&quot;3000&quot;,&quot;navigation&quot;:&quot;both&quot;,&quot;autoplay&quot;:&quot;yes&quot;,&quot;pause_on_hover&quot;:&quot;yes&quot;,&quot;pause_on_interaction&quot;:&quot;yes&quot;,&quot;infinite&quot;:&quot;yes&quot;,&quot;effect&quot;:&quot;slide&quot;,&quot;speed&quot;:500}\" data-widget_type=\"image-carousel.default\">\n\t\t\t\t<div class=\"elementor-widget-container\">\n\t\t\t\t\t\t\t<div class=\"elementor-image-carousel-wrapper swiper\" role=\"region\" aria-roledescription=\"carousel\" aria-label=\"Carrousel d\u2019images\" dir=\"ltr\">\n\t\t\t<div class=\"elementor-image-carousel swiper-wrapper\" aria-live=\"off\">\n\t\t\t\t\t\t\t\t<div class=\"swiper-slide\" role=\"group\" aria-roledescription=\"slide\" aria-label=\"1 sur 14\"><figure class=\"swiper-slide-inner\"><img decoding=\"async\" class=\"swiper-slide-image\" src=\"https:\/\/grandouestfacades.fr\/ambon\/wp-content\/uploads\/sites\/3\/2021\/06\/20210331_160755-scaled-1-1024x768.jpg\" alt=\"20210331_160755\" \/><\/figure><\/div><div class=\"swiper-slide\" role=\"group\" aria-roledescription=\"slide\" aria-label=\"2 sur 14\"><figure class=\"swiper-slide-inner\"><img decoding=\"async\" class=\"swiper-slide-image\" src=\"https:\/\/grandouestfacades.fr\/ambon\/wp-content\/uploads\/sites\/3\/2021\/10\/20210731_113419-1024x768.jpg\" alt=\"20210731_113419\" \/><\/figure><\/div><div class=\"swiper-slide\" role=\"group\" aria-roledescription=\"slide\" aria-label=\"3 sur 14\"><figure class=\"swiper-slide-inner\"><img decoding=\"async\" class=\"swiper-slide-image\" src=\"https:\/\/grandouestfacades.fr\/ambon\/wp-content\/uploads\/sites\/3\/2021\/06\/20210331_160857-scaled-1-1024x768.jpg\" alt=\"20210331_160857\" \/><\/figure><\/div><div class=\"swiper-slide\" role=\"group\" aria-roledescription=\"slide\" aria-label=\"4 sur 14\"><figure class=\"swiper-slide-inner\"><img decoding=\"async\" class=\"swiper-slide-image\" src=\"https:\/\/grandouestfacades.fr\/ambon\/wp-content\/uploads\/sites\/3\/2021\/10\/20210731_113734-1024x768.jpg\" alt=\"RAVALEMENT FACADES NIVILLAC\" \/><\/figure><\/div><div class=\"swiper-slide\" role=\"group\" aria-roledescription=\"slide\" aria-label=\"5 sur 14\"><figure class=\"swiper-slide-inner\"><img decoding=\"async\" class=\"swiper-slide-image\" src=\"https:\/\/grandouestfacades.fr\/ambon\/wp-content\/uploads\/sites\/3\/2021\/06\/20210331_160921-scaled-1-1024x768.jpg\" alt=\"20210331_160921\" \/><\/figure><\/div><div class=\"swiper-slide\" role=\"group\" aria-roledescription=\"slide\" aria-label=\"6 sur 14\"><figure class=\"swiper-slide-inner\"><img decoding=\"async\" class=\"swiper-slide-image\" src=\"https:\/\/grandouestfacades.fr\/ambon\/wp-content\/uploads\/sites\/3\/2021\/06\/20210331_160914-scaled-1-1024x768.jpg\" alt=\"RAVALEMENT FACADES NIVILLAC\" \/><\/figure><\/div><div class=\"swiper-slide\" role=\"group\" aria-roledescription=\"slide\" aria-label=\"7 sur 14\"><figure class=\"swiper-slide-inner\"><img decoding=\"async\" class=\"swiper-slide-image\" src=\"https:\/\/grandouestfacades.fr\/ambon\/wp-content\/uploads\/sites\/3\/2021\/06\/20210331_160838-scaled-1-1024x768.jpg\" alt=\"RAVALEMENT FACADES NIVILLAC\" \/><\/figure><\/div><div class=\"swiper-slide\" role=\"group\" aria-roledescription=\"slide\" aria-label=\"8 sur 14\"><figure class=\"swiper-slide-inner\"><img decoding=\"async\" class=\"swiper-slide-image\" src=\"https:\/\/grandouestfacades.fr\/ambon\/wp-content\/uploads\/sites\/3\/2021\/10\/20210731_113758-1024x768.jpg\" alt=\"RAVALEMENT FACADES NIVILLAC\" \/><\/figure><\/div><div class=\"swiper-slide\" role=\"group\" aria-roledescription=\"slide\" aria-label=\"9 sur 14\"><figure class=\"swiper-slide-inner\"><img decoding=\"async\" class=\"swiper-slide-image\" src=\"https:\/\/grandouestfacades.fr\/ambon\/wp-content\/uploads\/sites\/3\/2021\/10\/20210730_174205-1024x768.jpg\" alt=\"20210730_174205\" \/><\/figure><\/div><div class=\"swiper-slide\" role=\"group\" aria-roledescription=\"slide\" aria-label=\"10 sur 14\"><figure class=\"swiper-slide-inner\"><img decoding=\"async\" class=\"swiper-slide-image\" src=\"https:\/\/grandouestfacades.fr\/ambon\/wp-content\/uploads\/sites\/3\/2021\/10\/20210731_113815-1024x768.jpg\" alt=\"20210731_113815\" \/><\/figure><\/div><div class=\"swiper-slide\" role=\"group\" aria-roledescription=\"slide\" aria-label=\"11 sur 14\"><figure class=\"swiper-slide-inner\"><img decoding=\"async\" class=\"swiper-slide-image\" src=\"https:\/\/grandouestfacades.fr\/ambon\/wp-content\/uploads\/sites\/3\/2021\/10\/20210802_180530-1024x768.jpg\" alt=\"RAVALEMENT FACADES NIVILLAC\" \/><\/figure><\/div><div class=\"swiper-slide\" role=\"group\" aria-roledescription=\"slide\" aria-label=\"12 sur 14\"><figure class=\"swiper-slide-inner\"><img decoding=\"async\" class=\"swiper-slide-image\" src=\"https:\/\/grandouestfacades.fr\/ambon\/wp-content\/uploads\/sites\/3\/2021\/10\/20210731_113818-1024x768.jpg\" alt=\"RAVALEMENT FACADES NIVILLAC\" \/><\/figure><\/div><div class=\"swiper-slide\" role=\"group\" aria-roledescription=\"slide\" aria-label=\"13 sur 14\"><figure class=\"swiper-slide-inner\"><img decoding=\"async\" class=\"swiper-slide-image\" src=\"https:\/\/grandouestfacades.fr\/ambon\/wp-content\/uploads\/sites\/3\/2021\/10\/20210730_174451-1024x768.jpg\" alt=\"20210730_174451\" \/><\/figure><\/div><div class=\"swiper-slide\" role=\"group\" aria-roledescription=\"slide\" aria-label=\"14 sur 14\"><figure class=\"swiper-slide-inner\"><img decoding=\"async\" class=\"swiper-slide-image\" src=\"https:\/\/grandouestfacades.fr\/ambon\/wp-content\/uploads\/sites\/3\/2021\/10\/20210731_113436-1024x768.jpg\" alt=\"RAVALEMENT FACADES NIVILLAC\" \/><\/figure><\/div>\t\t\t<\/div>\n\t\t\t\t\t\t\t\t\t\t\t\t<div class=\"elementor-swiper-button elementor-swiper-button-prev\" role=\"button\" tabindex=\"0\">\n\t\t\t\t\t\t<i aria-hidden=\"true\" class=\"eicon-chevron-left\"><\/i>\t\t\t\t\t<\/div>\n\t\t\t\t\t<div class=\"elementor-swiper-button elementor-swiper-button-next\" role=\"button\" tabindex=\"0\">\n\t\t\t\t\t\t<i aria-hidden=\"true\" class=\"eicon-chevron-right\"><\/i>\t\t\t\t\t<\/div>\n\t\t\t\t\n\t\t\t\t\t\t\t\t\t<div class=\"swiper-pagination\"><\/div>\n\t\t\t\t\t\t\t\t\t<\/div>\n\t\t\t\t\t\t<\/div>\n\t\t\t\t<\/div>\n\t\t\t\t\t<\/div>\n\t\t<\/div>\n\t\t\t\t<div class=\"elementor-column elementor-col-50 elementor-inner-column elementor-element elementor-element-262b164\" data-id=\"262b164\" data-element_type=\"column\" data-e-type=\"column\">\n\t\t\t<div class=\"elementor-widget-wrap elementor-element-populated\">\n\t\t\t\t\t\t<div class=\"elementor-element elementor-element-2ead833 elementor-widget elementor-widget-template\" data-id=\"2ead833\" data-element_type=\"widget\" data-e-type=\"widget\" data-widget_type=\"template.default\">\n\t\t\t\t<div class=\"elementor-widget-container\">\n\t\t\t\t\t\t\t<div class=\"elementor-template\">\n\t\t\t\t\t<div data-elementor-type=\"section\" data-elementor-id=\"2987\" class=\"elementor elementor-2987\" data-elementor-post-type=\"elementor_library\">\n\t\t\t\t\t<section class=\"elementor-section elementor-inner-section elementor-element elementor-element-48336466 elementor-section-boxed elementor-section-height-default elementor-section-height-default\" data-id=\"48336466\" data-element_type=\"section\" data-e-type=\"section\">\n\t\t\t\t\t\t<div class=\"elementor-container elementor-column-gap-default\">\n\t\t\t\t\t<div class=\"elementor-column elementor-col-100 elementor-inner-column elementor-element elementor-element-7552e7e8 animated-slow elementor-invisible\" data-id=\"7552e7e8\" data-element_type=\"column\" data-e-type=\"column\" data-settings=\"{&quot;background_background&quot;:&quot;classic&quot;,&quot;animation&quot;:&quot;zoomIn&quot;,&quot;animation_delay&quot;:600}\">\n\t\t\t<div class=\"elementor-widget-wrap elementor-element-populated\">\n\t\t\t\t\t\t<div class=\"elementor-element elementor-element-6968a5f5 elementor-widget elementor-widget-global elementor-global-2931 elementor-widget-heading\" data-id=\"6968a5f5\" data-element_type=\"widget\" data-e-type=\"widget\" data-widget_type=\"heading.default\">\n\t\t\t\t<div class=\"elementor-widget-container\">\n\t\t\t\t\t<h3 class=\"elementor-heading-title elementor-size-default\">Demandez votre<\/h3>\t\t\t\t<\/div>\n\t\t\t\t<\/div>\n\t\t\t\t<div class=\"elementor-element elementor-element-c002cdb elementor-widget elementor-widget-global elementor-global-2934 elementor-widget-heading\" data-id=\"c002cdb\" data-element_type=\"widget\" data-e-type=\"widget\" data-widget_type=\"heading.default\">\n\t\t\t\t<div class=\"elementor-widget-container\">\n\t\t\t\t\t<h3 class=\"elementor-heading-title elementor-size-default\">DEVIS GRATUIT<\/h3>\t\t\t\t<\/div>\n\t\t\t\t<\/div>\n\t\t\t\t<div class=\"elementor-element elementor-element-206349e1 elementor-widget-divider--view-line elementor-widget elementor-widget-global elementor-global-2937 elementor-widget-divider\" data-id=\"206349e1\" data-element_type=\"widget\" data-e-type=\"widget\" data-widget_type=\"divider.default\">\n\t\t\t\t<div class=\"elementor-widget-container\">\n\t\t\t\t\t\t\t<div class=\"elementor-divider\">\n\t\t\t<span class=\"elementor-divider-separator\">\n\t\t\t\t\t\t<\/span>\n\t\t<\/div>\n\t\t\t\t\t\t<\/div>\n\t\t\t\t<\/div>\n\t\t\t\t<div class=\"elementor-element elementor-element-47dbaf34 elementor-widget elementor-widget-global elementor-global-2940 elementor-widget-heading\" data-id=\"47dbaf34\" data-element_type=\"widget\" data-e-type=\"widget\" data-widget_type=\"heading.default\">\n\t\t\t\t<div class=\"elementor-widget-container\">\n\t\t\t\t\t<h3 class=\"elementor-heading-title elementor-size-default\">Par t\u00e9l\u00e9phone<\/h3>\t\t\t\t<\/div>\n\t\t\t\t<\/div>\n\t\t\t\t<div class=\"elementor-element elementor-element-1bf33836 elementor-widget elementor-widget-global elementor-global-2943 elementor-widget-button\" data-id=\"1bf33836\" data-element_type=\"widget\" data-e-type=\"widget\" data-widget_type=\"button.default\">\n\t\t\t\t<div class=\"elementor-widget-container\">\n\t\t\t\t\t\t\t\t\t<div class=\"elementor-button-wrapper\">\n\t\t\t\t\t<a class=\"elementor-button elementor-button-link elementor-size-sm\" href=\"tel:+33297538927\">\n\t\t\t\t\t\t<span class=\"elementor-button-content-wrapper\">\n\t\t\t\t\t\t<span class=\"elementor-button-icon\">\n\t\t\t\t<i aria-hidden=\"true\" class=\"fas fa-phone-alt\"><\/i>\t\t\t<\/span>\n\t\t\t\t\t\t\t\t\t<span class=\"elementor-button-text\">02 97 53 89 27<\/span>\n\t\t\t\t\t<\/span>\n\t\t\t\t\t<\/a>\n\t\t\t\t<\/div>\n\t\t\t\t\t\t\t\t<\/div>\n\t\t\t\t<\/div>\n\t\t\t\t<div class=\"elementor-element elementor-element-4d583877 elementor-widget-divider--view-line elementor-widget elementor-widget-global elementor-global-2937 elementor-widget-divider\" data-id=\"4d583877\" data-element_type=\"widget\" data-e-type=\"widget\" data-widget_type=\"divider.default\">\n\t\t\t\t<div class=\"elementor-widget-container\">\n\t\t\t\t\t\t\t<div class=\"elementor-divider\">\n\t\t\t<span class=\"elementor-divider-separator\">\n\t\t\t\t\t\t<\/span>\n\t\t<\/div>\n\t\t\t\t\t\t<\/div>\n\t\t\t\t<\/div>\n\t\t\t\t<div class=\"elementor-element elementor-element-1adf27d5 elementor-widget elementor-widget-global elementor-global-2946 elementor-widget-heading\" data-id=\"1adf27d5\" data-element_type=\"widget\" data-e-type=\"widget\" data-widget_type=\"heading.default\">\n\t\t\t\t<div class=\"elementor-widget-container\">\n\t\t\t\t\t<h3 class=\"elementor-heading-title elementor-size-default\">Par e-mail<\/h3>\t\t\t\t<\/div>\n\t\t\t\t<\/div>\n\t\t\t\t<div class=\"elementor-element elementor-element-2934771 elementor-widget elementor-widget-global elementor-global-2949 elementor-widget-button\" data-id=\"2934771\" data-element_type=\"widget\" data-e-type=\"widget\" data-widget_type=\"button.default\">\n\t\t\t\t<div class=\"elementor-widget-container\">\n\t\t\t\t\t\t\t\t\t<div class=\"elementor-button-wrapper\">\n\t\t\t\t\t<a class=\"elementor-button elementor-button-link elementor-size-sm\" href=\"https:\/\/grandouestfacades.fr\/ambon\/demande-de-devis-diagnistic-gratuit\/\">\n\t\t\t\t\t\t<span class=\"elementor-button-content-wrapper\">\n\t\t\t\t\t\t<span class=\"elementor-button-icon\">\n\t\t\t\t<i aria-hidden=\"true\" class=\"fas fa-envelope\"><\/i>\t\t\t<\/span>\n\t\t\t\t\t\t\t\t\t<span class=\"elementor-button-text\">\u00c9crivez-nous<\/span>\n\t\t\t\t\t<\/span>\n\t\t\t\t\t<\/a>\n\t\t\t\t<\/div>\n\t\t\t\t\t\t\t\t<\/div>\n\t\t\t\t<\/div>\n\t\t\t\t<div class=\"elementor-element elementor-element-7688e6e6 elementor-widget-divider--view-line elementor-widget elementor-widget-global elementor-global-2937 elementor-widget-divider\" data-id=\"7688e6e6\" data-element_type=\"widget\" data-e-type=\"widget\" data-widget_type=\"divider.default\">\n\t\t\t\t<div class=\"elementor-widget-container\">\n\t\t\t\t\t\t\t<div class=\"elementor-divider\">\n\t\t\t<span class=\"elementor-divider-separator\">\n\t\t\t\t\t\t<\/span>\n\t\t<\/div>\n\t\t\t\t\t\t<\/div>\n\t\t\t\t<\/div>\n\t\t\t\t<div class=\"elementor-element elementor-element-71ebaada elementor-widget elementor-widget-global elementor-global-2980 elementor-widget-heading\" data-id=\"71ebaada\" data-element_type=\"widget\" data-e-type=\"widget\" data-widget_type=\"heading.default\">\n\t\t\t\t<div class=\"elementor-widget-container\">\n\t\t\t\t\t<h3 class=\"elementor-heading-title elementor-size-default\">Vous souhaitez<\/h3>\t\t\t\t<\/div>\n\t\t\t\t<\/div>\n\t\t\t\t<div class=\"elementor-element elementor-element-61eafa14 elementor-widget elementor-widget-global elementor-global-2983 elementor-widget-button\" data-id=\"61eafa14\" data-element_type=\"widget\" data-e-type=\"widget\" data-widget_type=\"button.default\">\n\t\t\t\t<div class=\"elementor-widget-container\">\n\t\t\t\t\t\t\t\t\t<div class=\"elementor-button-wrapper\">\n\t\t\t\t\t<a class=\"elementor-button elementor-button-link elementor-size-sm\" href=\"https:\/\/grandouestfacades.fr\/ambon\/etre-rappele\/\">\n\t\t\t\t\t\t<span class=\"elementor-button-content-wrapper\">\n\t\t\t\t\t\t<span class=\"elementor-button-icon\">\n\t\t\t\t<i aria-hidden=\"true\" class=\"fas fa-phone-volume\"><\/i>\t\t\t<\/span>\n\t\t\t\t\t\t\t\t\t<span class=\"elementor-button-text\">\u00catre rappel\u00e9<\/span>\n\t\t\t\t\t<\/span>\n\t\t\t\t\t<\/a>\n\t\t\t\t<\/div>\n\t\t\t\t\t\t\t\t<\/div>\n\t\t\t\t<\/div>\n\t\t\t\t\t<\/div>\n\t\t<\/div>\n\t\t\t\t\t<\/div>\n\t\t<\/section>\n\t\t\t\t<\/div>\n\t\t\t\t<\/div>\n\t\t\t\t\t\t<\/div>\n\t\t\t\t<\/div>\n\t\t\t\t\t<\/div>\n\t\t<\/div>\n\t\t\t\t\t<\/div>\n\t\t<\/section>\n\t\t\t\t\t<\/div>\n\t\t<\/div>\n\t\t\t\t\t<\/div>\n\t\t<\/section>\n\t\t\t\t<section class=\"elementor-section elementor-top-section elementor-element elementor-element-9d1e759 elementor-section-boxed elementor-section-height-default elementor-section-height-default\" data-id=\"9d1e759\" data-element_type=\"section\" data-e-type=\"section\">\n\t\t\t\t\t\t<div class=\"elementor-container elementor-column-gap-default\">\n\t\t\t\t\t<div class=\"elementor-column elementor-col-100 elementor-top-column elementor-element elementor-element-e41dadc\" data-id=\"e41dadc\" data-element_type=\"column\" data-e-type=\"column\">\n\t\t\t<div class=\"elementor-widget-wrap elementor-element-populated\">\n\t\t\t\t\t\t<div class=\"elementor-element elementor-element-02b791c elementor-widget elementor-widget-text-editor\" data-id=\"02b791c\" data-element_type=\"widget\" data-e-type=\"widget\" data-widget_type=\"text-editor.default\">\n\t\t\t\t<div class=\"elementor-widget-container\">\n\t\t\t\t\t\t\t\t\t<p><strong>Ravalement facades Nivillac<\/strong>\u00a0 n\u00e9cessite un rafraichissement pour la pr\u00e9server dans le temps. Les fa\u00e7ades ont quelques micros-fissures surtout cot\u00e9 Ouest qui sont les plus dangereuses. Ainsi des infiltrations d&rsquo;humidit\u00e9 commencent \u00e0 appara\u00eetre dans l&rsquo;angle int\u00e9rieur de la chambre du 1er \u00e9tage du c\u00f4t\u00e9 Nord. Egalement, la construction en parpaing est compl\u00e9t\u00e9e avec une isolation type laine de verre plus brique et pl\u00e2tre en finition. Donc l&rsquo;humidit\u00e9 est visible dans la pi\u00e8ce. Pourquoi ? Les causes sont multiples : une fuite de la naissance au niveau du toit qui accentue l&rsquo;eau sur la fa\u00e7ade qui poss\u00e8de une fissure juste en dessous.<\/p><p>Egalement, la chambre n&rsquo;est certainement pas assez a\u00e9r\u00e9e naturellement. Ce sont les points les plus sensibles de cette fa\u00e7ade expos\u00e9e Nord.<\/p><h5><strong>Situation actuelle :<\/strong><\/h5><p>\u00a0L&rsquo;enduit lisse est satur\u00e9 par un fil mince en fin de vie. Le support absorbe fortement l&rsquo;humidit\u00e9 li\u00e9 aux pluies battantes ext\u00e9rieures. L&rsquo;apparition de moisissures, de mousses dans les micros-fissures et diff\u00e9rentes salissures mettent en avant qu&rsquo;il est temps de r\u00e9nover ces fa\u00e7ades. La r\u00e9novation que nous allons effectu\u00e9 permettra de r\u00e9nover et de rendre imperm\u00e9able la fa\u00e7ade aux eaux de ruissellements et aux pluies battantes particuli\u00e8rement c\u00f4t\u00e9 Sud\/Ouest et Ouest. La partie basse de la ma\u00e7onnerie sera \u00e0 reprendre ainsi qu&rsquo;une belle fissure dans l&rsquo;angle \u00e0 mi-hauteur.<\/p><p>Nous allons juste nettoyer \u00e0 l&rsquo;eau les dessous de toit qui sont pour leur part en bonne \u00e9tat et ravaler les trois chemin\u00e9es.\u00a0 Notre cliente a appr\u00e9ci\u00e9 notre professionnalisme et nos conseils, de plus elle a b\u00e9n\u00e9fici\u00e9 de notre programme de parrainage.\u00a0 C&rsquo;est pourquoi, nous r\u00e9aliserons le ravalement complet de son pavillon d&rsquo;une trentaine d&rsquo;ann\u00e9es avec notre GO TT pour une tr\u00e8s longue long\u00e9vit\u00e9.\u00a0 \u00a0<\/p><p>Gr\u00e2ce \u00e0 notre\u00a0<strong><a href=\"https:\/\/grandouestfacades.fr\/go-marque-exclusive\/\">gamme exclusive GO<\/a>, <\/strong>nous allons prot\u00e9ger et effectuer le\u00a0 <strong>Ravalement des facades\u00a0 \u00e0\u00a0 NIVILLAC <\/strong>pour tous les temps et pour longtemps.<\/p><p>R\u00e9alisation \u00e0 venir<\/p>\t\t\t\t\t\t\t\t<\/div>\n\t\t\t\t<\/div>\n\t\t\t\t<div class=\"elementor-element elementor-element-70a22df elementor-widget elementor-widget-spacer\" data-id=\"70a22df\" data-element_type=\"widget\" data-e-type=\"widget\" data-widget_type=\"spacer.default\">\n\t\t\t\t<div class=\"elementor-widget-container\">\n\t\t\t\t\t\t\t<div class=\"elementor-spacer\">\n\t\t\t<div class=\"elementor-spacer-inner\"><\/div>\n\t\t<\/div>\n\t\t\t\t\t\t<\/div>\n\t\t\t\t<\/div>\n\t\t\t\t\t<\/div>\n\t\t<\/div>\n\t\t\t\t\t<\/div>\n\t\t<\/section>\n\t\t\t\t<section class=\"elementor-section elementor-top-section elementor-element elementor-element-e3548b0 elementor-section-boxed elementor-section-height-default elementor-section-height-default\" data-id=\"e3548b0\" data-element_type=\"section\" data-e-type=\"section\" data-settings=\"{&quot;background_background&quot;:&quot;classic&quot;}\">\n\t\t\t\t\t\t<div class=\"elementor-container elementor-column-gap-default\">\n\t\t\t\t\t<div class=\"elementor-column elementor-col-100 elementor-top-column elementor-element elementor-element-2928595\" data-id=\"2928595\" data-element_type=\"column\" data-e-type=\"column\">\n\t\t\t<div class=\"elementor-widget-wrap elementor-element-populated\">\n\t\t\t\t\t\t<div class=\"elementor-element elementor-element-95b33e8 elementor-widget elementor-widget-text-editor\" data-id=\"95b33e8\" data-element_type=\"widget\" data-e-type=\"widget\" data-widget_type=\"text-editor.default\">\n\t\t\t\t<div class=\"elementor-widget-container\">\n\t\t\t\t\t\t\t\t\t<p>Vous aussi,<\/p>\t\t\t\t\t\t\t\t<\/div>\n\t\t\t\t<\/div>\n\t\t\t\t<div class=\"elementor-element elementor-element-655b941 elementor-align-center elementor-widget elementor-widget-button\" data-id=\"655b941\" data-element_type=\"widget\" data-e-type=\"widget\" data-widget_type=\"button.default\">\n\t\t\t\t<div class=\"elementor-widget-container\">\n\t\t\t\t\t\t\t\t\t<div class=\"elementor-button-wrapper\">\n\t\t\t\t\t<a class=\"elementor-button elementor-button-link elementor-size-sm\" href=\"https:\/\/grandouestfacades.fr\/ambon\/demande-de-devis-diagnistic-gratuit\/\">\n\t\t\t\t\t\t<span class=\"elementor-button-content-wrapper\">\n\t\t\t\t\t\t<span class=\"elementor-button-icon\">\n\t\t\t\t<i aria-hidden=\"true\" class=\"far fa-calendar-check\"><\/i>\t\t\t<\/span>\n\t\t\t\t\t\t\t\t\t<span class=\"elementor-button-text\">Prenez rendez-vous maintenant<\/span>\n\t\t\t\t\t<\/span>\n\t\t\t\t\t<\/a>\n\t\t\t\t<\/div>\n\t\t\t\t\t\t\t\t<\/div>\n\t\t\t\t<\/div>\n\t\t\t\t<div class=\"elementor-element elementor-element-08c0590 elementor-widget elementor-widget-spacer\" data-id=\"08c0590\" data-element_type=\"widget\" data-e-type=\"widget\" data-widget_type=\"spacer.default\">\n\t\t\t\t<div class=\"elementor-widget-container\">\n\t\t\t\t\t\t\t<div class=\"elementor-spacer\">\n\t\t\t<div class=\"elementor-spacer-inner\"><\/div>\n\t\t<\/div>\n\t\t\t\t\t\t<\/div>\n\t\t\t\t<\/div>\n\t\t\t\t<div class=\"elementor-element elementor-element-6e3de20 elementor-widget elementor-widget-spacer\" data-id=\"6e3de20\" data-element_type=\"widget\" data-e-type=\"widget\" data-widget_type=\"spacer.default\">\n\t\t\t\t<div class=\"elementor-widget-container\">\n\t\t\t\t\t\t\t<div class=\"elementor-spacer\">\n\t\t\t<div class=\"elementor-spacer-inner\"><\/div>\n\t\t<\/div>\n\t\t\t\t\t\t<\/div>\n\t\t\t\t<\/div>\n\t\t\t\t<div class=\"elementor-element elementor-element-0c54b7d elementor-widget elementor-widget-image\" data-id=\"0c54b7d\" data-element_type=\"widget\" data-e-type=\"widget\" data-widget_type=\"image.default\">\n\t\t\t\t<div class=\"elementor-widget-container\">\n\t\t\t\t\t\t\t\t\t\t\t\t\t\t\t<img fetchpriority=\"high\" decoding=\"async\" width=\"800\" height=\"206\" src=\"https:\/\/grandouestfacades.fr\/ambon\/wp-content\/uploads\/sites\/3\/2020\/08\/GOF_-_logo_pour_fond_clair.png\" class=\"attachment-large size-large wp-image-35\" alt=\"GOF_-_logo_pour_fond_clair\" srcset=\"https:\/\/grandouestfacades.fr\/ambon\/wp-content\/uploads\/sites\/3\/2020\/08\/GOF_-_logo_pour_fond_clair.png 827w, https:\/\/grandouestfacades.fr\/ambon\/wp-content\/uploads\/sites\/3\/2020\/08\/GOF_-_logo_pour_fond_clair-300x77.png 300w, https:\/\/grandouestfacades.fr\/ambon\/wp-content\/uploads\/sites\/3\/2020\/08\/GOF_-_logo_pour_fond_clair-768x198.png 768w\" sizes=\"(max-width: 800px) 100vw, 800px\" \/>\t\t\t\t\t\t\t\t\t\t\t\t\t\t\t<\/div>\n\t\t\t\t<\/div>\n\t\t\t\t<div class=\"elementor-element elementor-element-2745588 elementor-widget elementor-widget-text-editor\" data-id=\"2745588\" data-element_type=\"widget\" data-e-type=\"widget\" data-widget_type=\"text-editor.default\">\n\t\t\t\t<div class=\"elementor-widget-container\">\n\t\t\t\t\t\t\t\t\t<p>Agence ambon<\/p>\t\t\t\t\t\t\t\t<\/div>\n\t\t\t\t<\/div>\n\t\t\t\t\t<\/div>\n\t\t<\/div>\n\t\t\t\t\t<\/div>\n\t\t<\/section>\n\t\t\t\t<\/div>\n\t\t","protected":false},"excerpt":{"rendered":"<p>RAVALEMENT FACADES NIVILLAC NIVILLAC 56130 &#8211; JUILLET 2021 Comment pourriez-vous effectuer le ravalement des fa\u00e7ades de cette maison situ\u00e9e \u00e0 NIVILLAC 56130 ? Pr\u00e9c\u00e9dent Suivant Ravalement facades Nivillac&nbsp; n\u00e9cessite un rafraichissement pour la pr\u00e9server dans le temps. Les fa\u00e7ades ont quelques micros-fissures surtout cot\u00e9 Ouest qui sont les plus dangereuses. Ainsi des infiltrations d&rsquo;humidit\u00e9 commencent [&hellip;]<\/p>\n","protected":false},"author":1,"featured_media":3792,"comment_status":"closed","ping_status":"open","sticky":false,"template":"","format":"standard","meta":{"footnotes":""},"categories":[6,4],"tags":[],"class_list":["post-2423","post","type-post","status-publish","format-standard","has-post-thumbnail","hentry","category-ravalement-de-facade","category-travaux"],"yoast_head":"<!-- This site is optimized with the Yoast SEO plugin v27.5 - https:\/\/yoast.com\/product\/yoast-seo-wordpress\/ -->\n<title>RAVALEMENT FACADES NIVILLAC 56130 PROTECTION TOUS TEMPS<\/title>\n<meta name=\"description\" content=\"RAVALEMENT FACADES NIVILLAC 56130 PROTECTION TOUS TEMPS sur le secteur de Nivillac pour r\u00e9nover cette maison avec La Marque GO Exclusive\" \/>\n<meta name=\"robots\" content=\"index, follow, max-snippet:-1, max-image-preview:large, max-video-preview:-1\" \/>\n<link rel=\"canonical\" href=\"https:\/\/grandouestfacades.fr\/ambon\/ravalement-facades-nivillac-56130\/\" \/>\n<meta property=\"og:locale\" content=\"fr_FR\" \/>\n<meta property=\"og:type\" content=\"article\" \/>\n<meta property=\"og:title\" content=\"RAVALEMENT FACADES NIVILLAC 56130 PROTECTION TOUS TEMPS\" \/>\n<meta property=\"og:description\" content=\"RAVALEMENT FACADES NIVILLAC 56130 PROTECTION TOUS TEMPS sur le secteur de Nivillac pour r\u00e9nover cette maison avec La Marque GO Exclusive\" \/>\n<meta property=\"og:url\" content=\"https:\/\/grandouestfacades.fr\/ambon\/ravalement-facades-nivillac-56130\/\" \/>\n<meta property=\"og:site_name\" content=\"Ambon - Grand Ouest Facades\" \/>\n<meta property=\"article:published_time\" content=\"2021-06-02T08:58:18+00:00\" \/>\n<meta property=\"article:modified_time\" content=\"2021-10-08T12:58:49+00:00\" \/>\n<meta property=\"og:image\" content=\"https:\/\/grandouestfacades.fr\/ambon\/wp-content\/uploads\/sites\/3\/2021\/10\/20210731_113436-scaled.jpg\" \/>\n\t<meta property=\"og:image:width\" content=\"2560\" \/>\n\t<meta property=\"og:image:height\" content=\"1920\" \/>\n\t<meta property=\"og:image:type\" content=\"image\/jpeg\" \/>\n<meta name=\"author\" content=\"admin\" \/>\n<meta name=\"twitter:card\" content=\"summary_large_image\" \/>\n<meta name=\"twitter:label1\" content=\"\u00c9crit par\" \/>\n\t<meta name=\"twitter:data1\" content=\"admin\" \/>\n\t<meta name=\"twitter:label2\" content=\"Dur\u00e9e de lecture estim\u00e9e\" \/>\n\t<meta name=\"twitter:data2\" content=\"5 minutes\" \/>\n<script type=\"application\/ld+json\" class=\"yoast-schema-graph\">{\"@context\":\"https:\\\/\\\/schema.org\",\"@graph\":[{\"@type\":\"Article\",\"@id\":\"https:\\\/\\\/grandouestfacades.fr\\\/ambon\\\/ravalement-facades-nivillac-56130\\\/#article\",\"isPartOf\":{\"@id\":\"https:\\\/\\\/grandouestfacades.fr\\\/ambon\\\/ravalement-facades-nivillac-56130\\\/\"},\"author\":{\"name\":\"admin\",\"@id\":\"https:\\\/\\\/grandouestfacades.fr\\\/ambon\\\/#\\\/schema\\\/person\\\/d44ae690bd02d361878026f7dc1c1e52\"},\"headline\":\"RAVALEMENT FACADES NIVILLAC 56130 \u2705\",\"datePublished\":\"2021-06-02T08:58:18+00:00\",\"dateModified\":\"2021-10-08T12:58:49+00:00\",\"mainEntityOfPage\":{\"@id\":\"https:\\\/\\\/grandouestfacades.fr\\\/ambon\\\/ravalement-facades-nivillac-56130\\\/\"},\"wordCount\":376,\"publisher\":{\"@id\":\"https:\\\/\\\/grandouestfacades.fr\\\/ambon\\\/#organization\"},\"image\":{\"@id\":\"https:\\\/\\\/grandouestfacades.fr\\\/ambon\\\/ravalement-facades-nivillac-56130\\\/#primaryimage\"},\"thumbnailUrl\":\"https:\\\/\\\/grandouestfacades.fr\\\/ambon\\\/wp-content\\\/uploads\\\/sites\\\/3\\\/2021\\\/10\\\/20210731_113436-scaled.jpg\",\"articleSection\":[\"Ravalement de fa\u00e7ade\",\"Travaux\"],\"inLanguage\":\"fr-FR\"},{\"@type\":\"WebPage\",\"@id\":\"https:\\\/\\\/grandouestfacades.fr\\\/ambon\\\/ravalement-facades-nivillac-56130\\\/\",\"url\":\"https:\\\/\\\/grandouestfacades.fr\\\/ambon\\\/ravalement-facades-nivillac-56130\\\/\",\"name\":\"RAVALEMENT FACADES NIVILLAC 56130 PROTECTION TOUS TEMPS\",\"isPartOf\":{\"@id\":\"https:\\\/\\\/grandouestfacades.fr\\\/ambon\\\/#website\"},\"primaryImageOfPage\":{\"@id\":\"https:\\\/\\\/grandouestfacades.fr\\\/ambon\\\/ravalement-facades-nivillac-56130\\\/#primaryimage\"},\"image\":{\"@id\":\"https:\\\/\\\/grandouestfacades.fr\\\/ambon\\\/ravalement-facades-nivillac-56130\\\/#primaryimage\"},\"thumbnailUrl\":\"https:\\\/\\\/grandouestfacades.fr\\\/ambon\\\/wp-content\\\/uploads\\\/sites\\\/3\\\/2021\\\/10\\\/20210731_113436-scaled.jpg\",\"datePublished\":\"2021-06-02T08:58:18+00:00\",\"dateModified\":\"2021-10-08T12:58:49+00:00\",\"description\":\"RAVALEMENT FACADES NIVILLAC 56130 PROTECTION TOUS TEMPS sur le secteur de Nivillac pour r\u00e9nover cette maison avec La Marque GO Exclusive\",\"breadcrumb\":{\"@id\":\"https:\\\/\\\/grandouestfacades.fr\\\/ambon\\\/ravalement-facades-nivillac-56130\\\/#breadcrumb\"},\"inLanguage\":\"fr-FR\",\"potentialAction\":[{\"@type\":\"ReadAction\",\"target\":[\"https:\\\/\\\/grandouestfacades.fr\\\/ambon\\\/ravalement-facades-nivillac-56130\\\/\"]}]},{\"@type\":\"ImageObject\",\"inLanguage\":\"fr-FR\",\"@id\":\"https:\\\/\\\/grandouestfacades.fr\\\/ambon\\\/ravalement-facades-nivillac-56130\\\/#primaryimage\",\"url\":\"https:\\\/\\\/grandouestfacades.fr\\\/ambon\\\/wp-content\\\/uploads\\\/sites\\\/3\\\/2021\\\/10\\\/20210731_113436-scaled.jpg\",\"contentUrl\":\"https:\\\/\\\/grandouestfacades.fr\\\/ambon\\\/wp-content\\\/uploads\\\/sites\\\/3\\\/2021\\\/10\\\/20210731_113436-scaled.jpg\",\"width\":2560,\"height\":1920,\"caption\":\"RAVALEMENT FACADES NIVILLAC\"},{\"@type\":\"BreadcrumbList\",\"@id\":\"https:\\\/\\\/grandouestfacades.fr\\\/ambon\\\/ravalement-facades-nivillac-56130\\\/#breadcrumb\",\"itemListElement\":[{\"@type\":\"ListItem\",\"position\":1,\"name\":\"Accueil\",\"item\":\"https:\\\/\\\/grandouestfacades.fr\\\/ambon\\\/\"},{\"@type\":\"ListItem\",\"position\":2,\"name\":\"RAVALEMENT FACADES NIVILLAC 56130 \u2705\"}]},{\"@type\":\"WebSite\",\"@id\":\"https:\\\/\\\/grandouestfacades.fr\\\/ambon\\\/#website\",\"url\":\"https:\\\/\\\/grandouestfacades.fr\\\/ambon\\\/\",\"name\":\"Ambon - Grand Ouest Facades\",\"description\":\"La fa\u00e7ade dont vous r\u00eavez\",\"publisher\":{\"@id\":\"https:\\\/\\\/grandouestfacades.fr\\\/ambon\\\/#organization\"},\"potentialAction\":[{\"@type\":\"SearchAction\",\"target\":{\"@type\":\"EntryPoint\",\"urlTemplate\":\"https:\\\/\\\/grandouestfacades.fr\\\/ambon\\\/?s={search_term_string}\"},\"query-input\":{\"@type\":\"PropertyValueSpecification\",\"valueRequired\":true,\"valueName\":\"search_term_string\"}}],\"inLanguage\":\"fr-FR\"},{\"@type\":\"Organization\",\"@id\":\"https:\\\/\\\/grandouestfacades.fr\\\/ambon\\\/#organization\",\"name\":\"Ambon - Grand Ouest Facades\",\"url\":\"https:\\\/\\\/grandouestfacades.fr\\\/ambon\\\/\",\"logo\":{\"@type\":\"ImageObject\",\"inLanguage\":\"fr-FR\",\"@id\":\"https:\\\/\\\/grandouestfacades.fr\\\/ambon\\\/#\\\/schema\\\/logo\\\/image\\\/\",\"url\":\"https:\\\/\\\/grandouestfacades.fr\\\/ambon\\\/wp-content\\\/uploads\\\/sites\\\/3\\\/2021\\\/09\\\/Logo_agence_avec_GO_Ambon_2.png\",\"contentUrl\":\"https:\\\/\\\/grandouestfacades.fr\\\/ambon\\\/wp-content\\\/uploads\\\/sites\\\/3\\\/2021\\\/09\\\/Logo_agence_avec_GO_Ambon_2.png\",\"width\":1194,\"height\":283,\"caption\":\"Ambon - Grand Ouest Facades\"},\"image\":{\"@id\":\"https:\\\/\\\/grandouestfacades.fr\\\/ambon\\\/#\\\/schema\\\/logo\\\/image\\\/\"}},{\"@type\":\"Person\",\"@id\":\"https:\\\/\\\/grandouestfacades.fr\\\/ambon\\\/#\\\/schema\\\/person\\\/d44ae690bd02d361878026f7dc1c1e52\",\"name\":\"admin\",\"image\":{\"@type\":\"ImageObject\",\"inLanguage\":\"fr-FR\",\"@id\":\"https:\\\/\\\/secure.gravatar.com\\\/avatar\\\/0b9e18f7da3f9f3fc7aa0f8c12b456ee669acc86945a05cd1ad5ccc6b2988c32?s=96&d=mm&r=g\",\"url\":\"https:\\\/\\\/secure.gravatar.com\\\/avatar\\\/0b9e18f7da3f9f3fc7aa0f8c12b456ee669acc86945a05cd1ad5ccc6b2988c32?s=96&d=mm&r=g\",\"contentUrl\":\"https:\\\/\\\/secure.gravatar.com\\\/avatar\\\/0b9e18f7da3f9f3fc7aa0f8c12b456ee669acc86945a05cd1ad5ccc6b2988c32?s=96&d=mm&r=g\",\"caption\":\"admin\"},\"sameAs\":[\"https:\\\/\\\/grandouestfacades.fr\"],\"url\":\"https:\\\/\\\/grandouestfacades.fr\\\/ambon\\\/author\\\/admin\\\/\"}]}<\/script>\n<!-- \/ Yoast SEO plugin. -->","yoast_head_json":{"title":"RAVALEMENT FACADES NIVILLAC 56130 PROTECTION TOUS TEMPS","description":"RAVALEMENT FACADES NIVILLAC 56130 PROTECTION TOUS TEMPS sur le secteur de Nivillac pour r\u00e9nover cette maison avec La Marque GO Exclusive","robots":{"index":"index","follow":"follow","max-snippet":"max-snippet:-1","max-image-preview":"max-image-preview:large","max-video-preview":"max-video-preview:-1"},"canonical":"https:\/\/grandouestfacades.fr\/ambon\/ravalement-facades-nivillac-56130\/","og_locale":"fr_FR","og_type":"article","og_title":"RAVALEMENT FACADES NIVILLAC 56130 PROTECTION TOUS TEMPS","og_description":"RAVALEMENT FACADES NIVILLAC 56130 PROTECTION TOUS TEMPS sur le secteur de Nivillac pour r\u00e9nover cette maison avec La Marque GO Exclusive","og_url":"https:\/\/grandouestfacades.fr\/ambon\/ravalement-facades-nivillac-56130\/","og_site_name":"Ambon - Grand Ouest Facades","article_published_time":"2021-06-02T08:58:18+00:00","article_modified_time":"2021-10-08T12:58:49+00:00","og_image":[{"width":2560,"height":1920,"url":"https:\/\/grandouestfacades.fr\/ambon\/wp-content\/uploads\/sites\/3\/2021\/10\/20210731_113436-scaled.jpg","type":"image\/jpeg"}],"author":"admin","twitter_card":"summary_large_image","twitter_misc":{"\u00c9crit par":"admin","Dur\u00e9e de lecture estim\u00e9e":"5 minutes"},"schema":{"@context":"https:\/\/schema.org","@graph":[{"@type":"Article","@id":"https:\/\/grandouestfacades.fr\/ambon\/ravalement-facades-nivillac-56130\/#article","isPartOf":{"@id":"https:\/\/grandouestfacades.fr\/ambon\/ravalement-facades-nivillac-56130\/"},"author":{"name":"admin","@id":"https:\/\/grandouestfacades.fr\/ambon\/#\/schema\/person\/d44ae690bd02d361878026f7dc1c1e52"},"headline":"RAVALEMENT FACADES NIVILLAC 56130 \u2705","datePublished":"2021-06-02T08:58:18+00:00","dateModified":"2021-10-08T12:58:49+00:00","mainEntityOfPage":{"@id":"https:\/\/grandouestfacades.fr\/ambon\/ravalement-facades-nivillac-56130\/"},"wordCount":376,"publisher":{"@id":"https:\/\/grandouestfacades.fr\/ambon\/#organization"},"image":{"@id":"https:\/\/grandouestfacades.fr\/ambon\/ravalement-facades-nivillac-56130\/#primaryimage"},"thumbnailUrl":"https:\/\/grandouestfacades.fr\/ambon\/wp-content\/uploads\/sites\/3\/2021\/10\/20210731_113436-scaled.jpg","articleSection":["Ravalement de fa\u00e7ade","Travaux"],"inLanguage":"fr-FR"},{"@type":"WebPage","@id":"https:\/\/grandouestfacades.fr\/ambon\/ravalement-facades-nivillac-56130\/","url":"https:\/\/grandouestfacades.fr\/ambon\/ravalement-facades-nivillac-56130\/","name":"RAVALEMENT FACADES NIVILLAC 56130 PROTECTION TOUS TEMPS","isPartOf":{"@id":"https:\/\/grandouestfacades.fr\/ambon\/#website"},"primaryImageOfPage":{"@id":"https:\/\/grandouestfacades.fr\/ambon\/ravalement-facades-nivillac-56130\/#primaryimage"},"image":{"@id":"https:\/\/grandouestfacades.fr\/ambon\/ravalement-facades-nivillac-56130\/#primaryimage"},"thumbnailUrl":"https:\/\/grandouestfacades.fr\/ambon\/wp-content\/uploads\/sites\/3\/2021\/10\/20210731_113436-scaled.jpg","datePublished":"2021-06-02T08:58:18+00:00","dateModified":"2021-10-08T12:58:49+00:00","description":"RAVALEMENT FACADES NIVILLAC 56130 PROTECTION TOUS TEMPS sur le secteur de Nivillac pour r\u00e9nover cette maison avec La Marque GO Exclusive","breadcrumb":{"@id":"https:\/\/grandouestfacades.fr\/ambon\/ravalement-facades-nivillac-56130\/#breadcrumb"},"inLanguage":"fr-FR","potentialAction":[{"@type":"ReadAction","target":["https:\/\/grandouestfacades.fr\/ambon\/ravalement-facades-nivillac-56130\/"]}]},{"@type":"ImageObject","inLanguage":"fr-FR","@id":"https:\/\/grandouestfacades.fr\/ambon\/ravalement-facades-nivillac-56130\/#primaryimage","url":"https:\/\/grandouestfacades.fr\/ambon\/wp-content\/uploads\/sites\/3\/2021\/10\/20210731_113436-scaled.jpg","contentUrl":"https:\/\/grandouestfacades.fr\/ambon\/wp-content\/uploads\/sites\/3\/2021\/10\/20210731_113436-scaled.jpg","width":2560,"height":1920,"caption":"RAVALEMENT FACADES NIVILLAC"},{"@type":"BreadcrumbList","@id":"https:\/\/grandouestfacades.fr\/ambon\/ravalement-facades-nivillac-56130\/#breadcrumb","itemListElement":[{"@type":"ListItem","position":1,"name":"Accueil","item":"https:\/\/grandouestfacades.fr\/ambon\/"},{"@type":"ListItem","position":2,"name":"RAVALEMENT FACADES NIVILLAC 56130 \u2705"}]},{"@type":"WebSite","@id":"https:\/\/grandouestfacades.fr\/ambon\/#website","url":"https:\/\/grandouestfacades.fr\/ambon\/","name":"Ambon - Grand Ouest Facades","description":"La fa\u00e7ade dont vous r\u00eavez","publisher":{"@id":"https:\/\/grandouestfacades.fr\/ambon\/#organization"},"potentialAction":[{"@type":"SearchAction","target":{"@type":"EntryPoint","urlTemplate":"https:\/\/grandouestfacades.fr\/ambon\/?s={search_term_string}"},"query-input":{"@type":"PropertyValueSpecification","valueRequired":true,"valueName":"search_term_string"}}],"inLanguage":"fr-FR"},{"@type":"Organization","@id":"https:\/\/grandouestfacades.fr\/ambon\/#organization","name":"Ambon - Grand Ouest Facades","url":"https:\/\/grandouestfacades.fr\/ambon\/","logo":{"@type":"ImageObject","inLanguage":"fr-FR","@id":"https:\/\/grandouestfacades.fr\/ambon\/#\/schema\/logo\/image\/","url":"https:\/\/grandouestfacades.fr\/ambon\/wp-content\/uploads\/sites\/3\/2021\/09\/Logo_agence_avec_GO_Ambon_2.png","contentUrl":"https:\/\/grandouestfacades.fr\/ambon\/wp-content\/uploads\/sites\/3\/2021\/09\/Logo_agence_avec_GO_Ambon_2.png","width":1194,"height":283,"caption":"Ambon - Grand Ouest Facades"},"image":{"@id":"https:\/\/grandouestfacades.fr\/ambon\/#\/schema\/logo\/image\/"}},{"@type":"Person","@id":"https:\/\/grandouestfacades.fr\/ambon\/#\/schema\/person\/d44ae690bd02d361878026f7dc1c1e52","name":"admin","image":{"@type":"ImageObject","inLanguage":"fr-FR","@id":"https:\/\/secure.gravatar.com\/avatar\/0b9e18f7da3f9f3fc7aa0f8c12b456ee669acc86945a05cd1ad5ccc6b2988c32?s=96&d=mm&r=g","url":"https:\/\/secure.gravatar.com\/avatar\/0b9e18f7da3f9f3fc7aa0f8c12b456ee669acc86945a05cd1ad5ccc6b2988c32?s=96&d=mm&r=g","contentUrl":"https:\/\/secure.gravatar.com\/avatar\/0b9e18f7da3f9f3fc7aa0f8c12b456ee669acc86945a05cd1ad5ccc6b2988c32?s=96&d=mm&r=g","caption":"admin"},"sameAs":["https:\/\/grandouestfacades.fr"],"url":"https:\/\/grandouestfacades.fr\/ambon\/author\/admin\/"}]}},"_links":{"self":[{"href":"https:\/\/grandouestfacades.fr\/ambon\/wp-json\/wp\/v2\/posts\/2423","targetHints":{"allow":["GET"]}}],"collection":[{"href":"https:\/\/grandouestfacades.fr\/ambon\/wp-json\/wp\/v2\/posts"}],"about":[{"href":"https:\/\/grandouestfacades.fr\/ambon\/wp-json\/wp\/v2\/types\/post"}],"author":[{"embeddable":true,"href":"https:\/\/grandouestfacades.fr\/ambon\/wp-json\/wp\/v2\/users\/1"}],"replies":[{"embeddable":true,"href":"https:\/\/grandouestfacades.fr\/ambon\/wp-json\/wp\/v2\/comments?post=2423"}],"version-history":[{"count":12,"href":"https:\/\/grandouestfacades.fr\/ambon\/wp-json\/wp\/v2\/posts\/2423\/revisions"}],"predecessor-version":[{"id":3803,"href":"https:\/\/grandouestfacades.fr\/ambon\/wp-json\/wp\/v2\/posts\/2423\/revisions\/3803"}],"wp:featuredmedia":[{"embeddable":true,"href":"https:\/\/grandouestfacades.fr\/ambon\/wp-json\/wp\/v2\/media\/3792"}],"wp:attachment":[{"href":"https:\/\/grandouestfacades.fr\/ambon\/wp-json\/wp\/v2\/media?parent=2423"}],"wp:term":[{"taxonomy":"category","embeddable":true,"href":"https:\/\/grandouestfacades.fr\/ambon\/wp-json\/wp\/v2\/categories?post=2423"},{"taxonomy":"post_tag","embeddable":true,"href":"https:\/\/grandouestfacades.fr\/ambon\/wp-json\/wp\/v2\/tags?post=2423"}],"curies":[{"name":"wp","href":"https:\/\/api.w.org\/{rel}","templated":true}]}}